{"id":12187,"date":"2017-04-25T11:13:32","date_gmt":"2017-04-25T10:13:32","guid":{"rendered":"http:\/\/unitelive.org\/?p=12187"},"modified":"2017-04-26T12:11:58","modified_gmt":"2017-04-26T11:11:58","slug":"never-forget-3","status":"publish","type":"post","link":"https:\/\/unitelive.test.igniteamt.com\/?p=12187","title":{"rendered":"Never forget"},"content":{"rendered":"<div id=\"fb-root\"><\/div>\n<p>In part 2 of our series in the run-up to International Workers&#8217; Memorial Day on Friday (April 28), UNITElive hears from Andy Wilson, Unite senior shop steward at East Ayrshire, who recounts what happened on Monday, April 6, 2009 &#8212; a day he will never forget.<\/p>\n<p>&nbsp;<\/p>\n<p>It is the day that his colleague Robert McGill was killed at work.<\/p>\n<p>&nbsp;<\/p>\n<p>McGill, a 37-year-old electrician and Unite member, had been tasked with changing lightbulbs in the sports hall of Kilmarnock Academy. McGill and a colleague were using a mobile elevating platform, also known as an airlift, to complete their work.<\/p>\n<p>&nbsp;<\/p>\n<p>In a terrible accident, the airlift toppled over and McGill fell 20 feet suffering severe head and brain injuries. He was rushed to hospital but was declared dead later that evening.<\/p>\n<p>&nbsp;<\/p>\n<p>Although Wilson wasn\u00e2\u20ac\u2122t directly involved in the accident he was called back into work where management informed him of what had happened. Several days later, Wilson along with a Unite official met McGill\u00e2\u20ac\u2122s sister to talk about a legal case for compensation.<\/p>\n<p>&nbsp;<\/p>\n<p>Wilson still sees McGill\u00e2\u20ac\u2122s sister as she works in the local Clarks shop, where Wilson takes his grandson to get his feet measured. Each visit involves a \u00e2\u20ac\u015bchat about Robert\u00e2\u20ac\u0165.<\/p>\n<p>&nbsp;<\/p>\n<p>While Wilson was affected by the tragedy, his experience pales into insignificance compared to McGill\u00e2\u20ac\u2122s fellow worker, who witnessed the accident. The worker involved never recovered from what happened. In the following years he always had to take time off as the anniversary of the accident approached and eventually had to take early retirement.<\/p>\n<p>&nbsp;<\/p>\n<p><em><strong>No training<\/strong><\/em><\/p>\n<p>The investigation by the Health and Safety Executive found that the workers were using the airlift without stabilisers. Neither worker had ever received any training in the safe operation of the lift nor were there any records that the lift had ever been serviced.<\/p>\n<p>&nbsp;<\/p>\n<p>The council pleaded guilty to offences under the Health and Safety Act and were fined \u00c2\u014156,000. The sheriff said the level of the fine was not taken as a value on the life of Mr McGill. He said, \u00e2\u20ac\u015bThe loss of Mr McGill to his family must be regarded as being beyond any monetary figure and be priceless.\u00e2\u20ac\u0165<\/p>\n<p>&nbsp;<\/p>\n<p>Wilson\u00e2\u20ac\u2122s personal experience underlines why he is passionate about safety.<\/p>\n<p>&nbsp;<\/p>\n<p>\u00e2\u20ac\u015bCouncils are meant to be really good at health and safety and can go over the top, but this tragedy shows that this isn\u00e2\u20ac\u2122t always the case,&#8221; he said. &#8220;You can never do enough to keep workers safe.\u00e2\u20ac\u0165<\/p>\n<p>&nbsp;<\/p>\n<p>Annually on Workers Memorial Day in Kilmarnock there is a ceremony in a memorial garden around a \u00e2\u20ac\u0098tree of life\u00e2\u20ac\u2122. Wilson will be in attendance.<\/p>\n<p>&nbsp;<\/p>\n<p>\u00e2\u20ac\u015bThere is no Workers\u00e2\u20ac\u2122 Memorial Day when I don\u00e2\u20ac\u2122t think about Robert,&#8221; he says.<\/p>\n<p>&nbsp;<\/p>\n<p>For more information about Unite\u00e2\u20ac\u2122s involvement in International Workers\u00e2\u20ac\u2122 Memorial Day on Friday (April 28), see our web page <a href=\"http:\/\/www.unitetheunion.org\/unite-at-work\/healthsafety\/international-workers-memorial-day\/\">here. <\/a><\/p>\n","protected":false},"excerpt":{"rendered":"<p>In part 2 of our series in the run-up to International Workers&#8217; Memorial Day on Friday (April 28), UNITElive hears from Andy Wilson, Unite senior shop steward at East Ayrshire, who recounts what happened on Monday, April 6, 2009 &#8212; a day he will never forget. &nbsp; It is the day that his colleague Robert [&hellip;]<\/p>\n","protected":false},"author":1,"featured_media":12188,"comment_status":"closed","ping_status":"closed","sticky":false,"template":"","format":"standard","meta":[],"categories":[1],"tags":[516],"wps_subtitle":"Why Unite\u00e2\u20ac\u2122s Andy Wilson is passionate about safety","_links":{"self":[{"href":"https:\/\/unitelive.test.igniteamt.com\/index.php?rest_route=\/wp\/v2\/posts\/12187"}],"collection":[{"href":"https:\/\/unitelive.test.igniteamt.com\/index.php?rest_route=\/wp\/v2\/posts"}],"about":[{"href":"https:\/\/unitelive.test.igniteamt.com\/index.php?rest_route=\/wp\/v2\/types\/post"}],"author":[{"embeddable":true,"href":"https:\/\/unitelive.test.igniteamt.com\/index.php?rest_route=\/wp\/v2\/users\/1"}],"replies":[{"embeddable":true,"href":"https:\/\/unitelive.test.igniteamt.com\/index.php?rest_route=%2Fwp%2Fv2%2Fcomments&post=12187"}],"version-history":[{"count":1,"href":"https:\/\/unitelive.test.igniteamt.com\/index.php?rest_route=\/wp\/v2\/posts\/12187\/revisions"}],"predecessor-version":[{"id":12189,"href":"https:\/\/unitelive.test.igniteamt.com\/index.php?rest_route=\/wp\/v2\/posts\/12187\/revisions\/12189"}],"wp:featuredmedia":[{"embeddable":true,"href":"https:\/\/unitelive.test.igniteamt.com\/index.php?rest_route=\/wp\/v2\/media\/12188"}],"wp:attachment":[{"href":"https:\/\/unitelive.test.igniteamt.com\/index.php?rest_route=%2Fwp%2Fv2%2Fmedia&parent=12187"}],"wp:term":[{"taxonomy":"category","embeddable":true,"href":"https:\/\/unitelive.test.igniteamt.com\/index.php?rest_route=%2Fwp%2Fv2%2Fcategories&post=12187"},{"taxonomy":"post_tag","embeddable":true,"href":"https:\/\/unitelive.test.igniteamt.com\/index.php?rest_route=%2Fwp%2Fv2%2Ftags&post=12187"}],"curies":[{"name":"wp","href":"https:\/\/api.w.org\/{rel}","templated":true}]}}