{"id":16531,"date":"2018-10-18T16:13:57","date_gmt":"2018-10-18T15:13:57","guid":{"rendered":"http:\/\/unitelive.org\/?p=16531"},"modified":"2020-11-12T12:58:09","modified_gmt":"2020-11-12T12:58:09","slug":"unite-wear-red-day-2018","status":"publish","type":"post","link":"https:\/\/unitelive.test.igniteamt.com\/?p=16531","title":{"rendered":"Let&#8217;s show racism the red card"},"content":{"rendered":"<div id=\"fb-root\"><\/div>\n<p>Trade unions including Unite, schools, workplaces and individuals across the UK will be wearing red\u00c2\u00a0on Friday (October 19) in a show of support for vital anti-racism campaigning that\u00e2\u20ac\u2122s fighting back against division and hatred.<\/p>\n<p>&nbsp;<\/p>\n<p>Show Racism the Red Card (SRtRC), a charity that Unite has long supported, is asking everyone to wear red tomorrow (October 19) and donate \u00c2\u01411 to the organisation, \u00c2\u00a0whose funding is heavily dependent on contributions after its government funding was totally\u00c2\u00a0axed six months ago.<\/p>\n<p>&nbsp;<\/p>\n<p>SRtRC was formed in 1996 to use footballing role models to enlist young people in anti-racism drives.\u00c2\u00a0 Previous stars on the SRtRC team sheet include Thierry Henry, Ryan Giggs and Samuel Eto\u00e2\u20ac\u2122o.<\/p>\n<p>&nbsp;<\/p>\n<p>The charity goes out into communities, classrooms and football clubs and educates roughly 50,000 schoolchildren each year in England, Wales and Scotland about racism.<\/p>\n<p>&nbsp;<\/p>\n<p>SRtRC chief executive Ged Grebby explained Wear Red Day\u00e2\u20ac\u2122s significance.<\/p>\n<p>&nbsp;<\/p>\n<p>\u00e2\u20ac\u015bWear Red Day is a chance for people across the country to help raise much needed funds for anti-racism education work,\u00e2\u20ac\u0165 he said. \u00e2\u20ac\u015bFriday 19th October 2018 is all about uniting against racism for one day by wearing something Red and donating \u00c2\u01411.\u00e2\u20ac\u0165<\/p>\n<p>&nbsp;<\/p>\n<p>\u00e2\u20ac\u015bRacism affects everyone and each penny we receive from Wear Red Day will make a real difference to a young person\u00e2\u20ac\u2122s life,\u00e2\u20ac\u0165 he added. \u00e2\u20ac\u015bThe funds raised during Wear Red Day will help us continue to support and educate young people and teachers throughout England.\u00e2\u20ac\u0165<\/p>\n<p>&nbsp;<\/p>\n<p>\u00e2\u20ac\u015bRacism continues to be an issue in our society with many people suffering abuse each day. We believe that education is key in challenging racism in society. By working with the next generation in schools we can have a big impact towards eradicating racism and creating a better world in the future.\u00e2\u20ac\u0165<\/p>\n<p>&nbsp;<\/p>\n<p>Unite general secretary Len McCluskey hailed Show Racism the Red Card\u00e2\u20ac\u2122s work and urged everyone to take part in Wear Red Day.<\/p>\n<p>&nbsp;<\/p>\n<p>McCluskey called SRtRC his \u00e2\u20ac\u015bfavourite organisation\u00e2\u20ac\u0165 at a Wear Red Day launch event last month.<\/p>\n<p>&nbsp;<\/p>\n<p>\u00e2\u20ac\u015bI\u00e2\u20ac\u2122m so impressed by the way it uses this beautiful game of ours, our national game, as the medium to teach our children, and our older children, about the issues of racism,\u00e2\u20ac\u0165 he said.<\/p>\n<p>&nbsp;<\/p>\n<p>\u00e2\u20ac\u015bIt\u00e2\u20ac\u2122s not just about kicking racism out of football, or protesting against the far right on our streets. It\u00e2\u20ac\u2122s about kicking racism out of our communities and out of our workplaces,\u00e2\u20ac\u0165 he added. \u00e2\u20ac\u015bShow Racism the Red Card gets that.\u00e2\u20ac\u0165<\/p>\n<p>&nbsp;<\/p>\n<p>Find out more about how you can take part in Wear Red Day, including making a donation, <a href=\"http:\/\/www.theredcard.org\/wear-red-day\/\">here.<\/a><\/p>\n<p>&nbsp;<\/p>\n<p>Don\u00e2\u20ac\u2122t forget to wear red\u00c2\u00a0on Friday (October 19) \u00e2\u20ac\u201c post your Wear Red Day selfies with <a href=\"https:\/\/static1.squarespace.com\/static\/574451fe37013bd0515647ac\/t\/5b3f3aa41ae6cf3aabdfc029\/1530870461640\/WRD+Card+2018.pdf\">a Wear Red Day card<\/a> using the hashtag #WRD18.<\/p>\n<p>&nbsp;<\/p>\n","protected":false},"excerpt":{"rendered":"<p>Trade unions including Unite, schools, workplaces and individuals across the UK will be wearing red\u00c2\u00a0on Friday (October 19) in a show of support for vital anti-racism campaigning that\u00e2\u20ac\u2122s fighting back against division and hatred. &nbsp; Show Racism the Red Card (SRtRC), a charity that Unite has long supported, is asking everyone to wear red tomorrow [&hellip;]<\/p>\n","protected":false},"author":2,"featured_media":16072,"comment_status":"closed","ping_status":"closed","sticky":false,"template":"","format":"standard","meta":[],"categories":[1],"tags":[242,395],"wps_subtitle":"Unite urges everyone take part in Wear Red Day 2018","_links":{"self":[{"href":"https:\/\/unitelive.test.igniteamt.com\/index.php?rest_route=\/wp\/v2\/posts\/16531"}],"collection":[{"href":"https:\/\/unitelive.test.igniteamt.com\/index.php?rest_route=\/wp\/v2\/posts"}],"about":[{"href":"https:\/\/unitelive.test.igniteamt.com\/index.php?rest_route=\/wp\/v2\/types\/post"}],"author":[{"embeddable":true,"href":"https:\/\/unitelive.test.igniteamt.com\/index.php?rest_route=\/wp\/v2\/users\/2"}],"replies":[{"embeddable":true,"href":"https:\/\/unitelive.test.igniteamt.com\/index.php?rest_route=%2Fwp%2Fv2%2Fcomments&post=16531"}],"version-history":[{"count":3,"href":"https:\/\/unitelive.test.igniteamt.com\/index.php?rest_route=\/wp\/v2\/posts\/16531\/revisions"}],"predecessor-version":[{"id":25779,"href":"https:\/\/unitelive.test.igniteamt.com\/index.php?rest_route=\/wp\/v2\/posts\/16531\/revisions\/25779"}],"wp:featuredmedia":[{"embeddable":true,"href":"https:\/\/unitelive.test.igniteamt.com\/index.php?rest_route=\/wp\/v2\/media\/16072"}],"wp:attachment":[{"href":"https:\/\/unitelive.test.igniteamt.com\/index.php?rest_route=%2Fwp%2Fv2%2Fmedia&parent=16531"}],"wp:term":[{"taxonomy":"category","embeddable":true,"href":"https:\/\/unitelive.test.igniteamt.com\/index.php?rest_route=%2Fwp%2Fv2%2Fcategories&post=16531"},{"taxonomy":"post_tag","embeddable":true,"href":"https:\/\/unitelive.test.igniteamt.com\/index.php?rest_route=%2Fwp%2Fv2%2Ftags&post=16531"}],"curies":[{"name":"wp","href":"https:\/\/api.w.org\/{rel}","templated":true}]}}