{"id":16626,"date":"2018-11-01T17:18:10","date_gmt":"2018-11-01T17:18:10","guid":{"rendered":"http:\/\/unitelive.org\/?p=16626"},"modified":"2020-11-12T12:57:54","modified_gmt":"2020-11-12T12:57:54","slug":"fight-keep-school-bus","status":"publish","type":"post","link":"https:\/\/unitelive.test.igniteamt.com\/?p=16626","title":{"rendered":"Fight to keep school bus"},"content":{"rendered":"<div id=\"fb-root\"><\/div>\n<p>Leeds Unite Community activists have won another victory in their campaign to ensure the continued running of school transport for disabled children in the area.<\/p>\n<p>&nbsp;<\/p>\n<p>&nbsp;<\/p>\n<p>Leeds City Council (LCC) last year announced plans to cut transport services for children with special educational needs and physical disabilities entering post-16 education.<br \/>\nIn an effort to save \u00c2\u0141830,000, the council proposed replacing escorted mini-bus transport with personal travel allowances \u00e2\u20ac\u201c a move that would leave children who have to travel long distances to school stranded and force some parents to give up work.<\/p>\n<p>&nbsp;<br \/>\nIn response, a group of parents formed the Disability Empowerment Action Links (DEAL) campaign in February to fight the cuts. After hearing about the children\u00e2\u20ac\u2122s plight, activists from Unite Community teamed up with DEAL to stage demonstrations, launch a petition and lobby councillors and MPs.<\/p>\n<p>&nbsp;<\/p>\n<p>&nbsp;<\/p>\n<p>Following a campaign that won the backing of two Leeds MPs, who took part in this year\u00e2\u20ac\u2122s Leeds trade union council\u00e2\u20ac\u2122s May Day rally and attracted widespread media attention, the council announced in June that they were \u00e2\u20ac\u015bpausing\u00e2\u20ac\u0165 the cuts for a year and would be reconsidering the issue.<\/p>\n<p>&nbsp;<\/p>\n<p>&nbsp;<\/p>\n<p><strong><em>Services to run to 2020<\/em> <\/strong><\/p>\n<p>Now, after meeting with Unite Community activists and DEAL, the council have agreed to run services until 2020.<\/p>\n<p>&nbsp;<\/p>\n<p>Unite Community Leeds and Wakefield branch secretary Gerry Lavery said, \u00e2\u20ac\u015b(The meeting with the council) was very constructive indeed, and they have now agreed to extend the current pause in the transport policy for yet a further year. That&#8217;s two years in total.<\/p>\n<p>&nbsp;<\/p>\n<p>\u00e2\u20ac\u015bThis will allow adequate time for any new policy to be developed and to see whether any government review of school transport for the post-16 group will result in change following concerns nationally.\u00e2\u20ac\u0165<\/p>\n<p>&nbsp;<\/p>\n<p>LCC suggested that DEAL consider the possibility of a voluntary system using existing transport resources to better suit individual children and their families and promised to work with parents on a regular basis to address their issues.<\/p>\n<p>&nbsp;<\/p>\n<p>Lavery added, \u00e2\u20ac\u015bThe council and DEAL also agreed to work together on education provision for those with special educational needs and disabilities who are older than 19. There are concerns about the facilities and resources at Leeds City College available for this group.\u00e2\u20ac\u0165<\/p>\n<p>&nbsp;<\/p>\n<p>Unite regional coordinator John Coan said the campaign was \u00e2\u20ac\u015banother excellent example of the positive changes Unite Community activists make to people\u00e2\u20ac\u2122s lives everyday\u00e2\u20ac\u0165.<\/p>\n<p>&nbsp;<\/p>\n<p>\u00e2\u20ac\u015bStanding together to fight against injustice and inequality is at the heart of what trade unionism is all about,\u00e2\u20ac\u0165 Coan said.<\/p>\n<p>&nbsp;<\/p>\n<p>\u00e2\u20ac\u015bThe hard work and dedication of Leeds\u00e2\u20ac\u2122 Unite Community members in assisting some of the most vulnerable young people in their community speaks for itself.<\/p>\n<p>&nbsp;<br \/>\n\u00e2\u20ac\u015bAlthough the fight goes on to ensure transport services for disabled children in the area remain permanently, the DEAL campaigners can be sure that Unite Community members will be with them every step of the way.\u00e2\u20ac\u0165<\/p>\n","protected":false},"excerpt":{"rendered":"<p>Leeds Unite Community activists have won another victory in their campaign to ensure the continued running of school transport for disabled children in the area. Leeds City Council (LCC) last year announced plans to cut transport services for children with special educational needs and physical disabilities entering post-16 education. In an effort to save \u00c2\u0141830,000, the council proposed replacing escorted mini-bus transport with personal travel allowances \u00e2\u20ac\u201c a move that would leave children who have to travel long distances to school stranded and force some parents to give up work.<\/p>\n","protected":false},"author":2,"featured_media":16632,"comment_status":"closed","ping_status":"closed","sticky":false,"template":"","format":"standard","meta":[],"categories":[17],"tags":[172,198,379,733,232],"wps_subtitle":"Unite Community wins continued school transport for disabled ","_links":{"self":[{"href":"https:\/\/unitelive.test.igniteamt.com\/index.php?rest_route=\/wp\/v2\/posts\/16626"}],"collection":[{"href":"https:\/\/unitelive.test.igniteamt.com\/index.php?rest_route=\/wp\/v2\/posts"}],"about":[{"href":"https:\/\/unitelive.test.igniteamt.com\/index.php?rest_route=\/wp\/v2\/types\/post"}],"author":[{"embeddable":true,"href":"https:\/\/unitelive.test.igniteamt.com\/index.php?rest_route=\/wp\/v2\/users\/2"}],"replies":[{"embeddable":true,"href":"https:\/\/unitelive.test.igniteamt.com\/index.php?rest_route=%2Fwp%2Fv2%2Fcomments&post=16626"}],"version-history":[{"count":5,"href":"https:\/\/unitelive.test.igniteamt.com\/index.php?rest_route=\/wp\/v2\/posts\/16626\/revisions"}],"predecessor-version":[{"id":25743,"href":"https:\/\/unitelive.test.igniteamt.com\/index.php?rest_route=\/wp\/v2\/posts\/16626\/revisions\/25743"}],"wp:featuredmedia":[{"embeddable":true,"href":"https:\/\/unitelive.test.igniteamt.com\/index.php?rest_route=\/wp\/v2\/media\/16632"}],"wp:attachment":[{"href":"https:\/\/unitelive.test.igniteamt.com\/index.php?rest_route=%2Fwp%2Fv2%2Fmedia&parent=16626"}],"wp:term":[{"taxonomy":"category","embeddable":true,"href":"https:\/\/unitelive.test.igniteamt.com\/index.php?rest_route=%2Fwp%2Fv2%2Fcategories&post=16626"},{"taxonomy":"post_tag","embeddable":true,"href":"https:\/\/unitelive.test.igniteamt.com\/index.php?rest_route=%2Fwp%2Fv2%2Ftags&post=16626"}],"curies":[{"name":"wp","href":"https:\/\/api.w.org\/{rel}","templated":true}]}}