{"id":16751,"date":"2018-11-20T15:35:25","date_gmt":"2018-11-20T15:35:25","guid":{"rendered":"http:\/\/unitelive.org\/?p=16751"},"modified":"2020-11-12T12:57:52","modified_gmt":"2020-11-12T12:57:52","slug":"unite-slams-sentencing-of-turkish-trade-unionists","status":"publish","type":"post","link":"https:\/\/unitelive.test.igniteamt.com\/?p=16751","title":{"rendered":"Solidarity after protest arrests"},"content":{"rendered":"<div id=\"fb-root\"><\/div>\n<p>Unite has condemned the sentencing of 26 Turkish Renault trade union members to a suspended prison sentence for peacefully protesting outside a company plant.<\/p>\n<p>&nbsp;<\/p>\n<p>The workers were found guilty of \u00e2\u20ac\u015bdisobeying the law on meetings and demonstrations\u00e2\u20ac\u0165 after protesting in March 2016 outside Renault\u00e2\u20ac\u2122s Oyak plant over the dismissal of 60 workers who were members of the Birle\u0139\u017aik Metal-\u00c4\u00b0\u0139\u017a trade union.<\/p>\n<p>&nbsp;<\/p>\n<p>After being subjected to police brutality and unlawful detention, the workers were handed a five month jail sentence suspended for five years.<\/p>\n<p>&nbsp;<\/p>\n<p>Their punishment is part of a wider campaign of oppression against trade unionists, journalists and political opposition by the increasing authoritarian Turkish state.<\/p>\n<p>&nbsp;<\/p>\n<p>Renault\u00e2\u20ac\u2122s Oyak plant had been the subject of unrest in recent years, following attempts by the management to limit workers\u00e2\u20ac\u2122 freedom of association.<\/p>\n<p>&nbsp;<\/p>\n<p>After cancelling a union election in February 2016, the firm dismissed 60 workers, including union representatives, and then forced an additional 400 workers to resign under the threat that they would not receive severance packages if they were dismissed.<\/p>\n<p>&nbsp;<\/p>\n<p><i><b>Firings<\/b><\/i><\/p>\n<p>The firings and targeting of Birle\u0139\u017aik Metal-\u00c4\u00b0\u0139\u017a at the plant prompted the protests.<\/p>\n<p>&nbsp;<\/p>\n<p>Unite is supporting Turkish Renault workers in their demands for the right to organise and expressed outrage at the court\u00e2\u20ac\u2122s decision.<\/p>\n<p>&nbsp;<\/p>\n<p>Even though Renault was not involved in the judicial persecution of the workers, Unite believes the company bears responsibility for having failed to solve the dispute through social dialogue, rather than calling the police to repress the workers in 2016.<\/p>\n<p>&nbsp;<\/p>\n<p>As a result, Unite believes Renault is in violation of the Global Framework Agreement signed with IndustriALL Global union federation in 2013.<\/p>\n<p>&nbsp;<\/p>\n<p>Unite joins with IndustriALL Global and Europe in calling on the company to address this unacceptable violation of the Global Framework Agreement.<\/p>\n<p>&nbsp;<\/p>\n<p>Tony Burke Assistant General Secretary of Unite said, \u00e2\u20ac\u015bThis sentencing, combined with the arrests and intimidation of trade unionists at the Istanbul airport site and the horrific assassination of Abdullah Karacan of DISK confederation, is part of the ongoing targeting and criminalisation of independent trade unions and all opposition in Turkey.<\/p>\n<p>&nbsp;<\/p>\n<p>\u00e2\u20ac\u015bUnite will continue to raise this on the international stage and stands in solidarity with all progressive forces in Turkey.\u00e2\u20ac\u0165<\/p>\n","protected":false},"excerpt":{"rendered":"<p>Unite has condemned the sentencing of 26 Turkish Renault trade union members to a suspended prison sentence for peacefully protesting outside a company plant. <\/p>\n","protected":false},"author":2,"featured_media":16752,"comment_status":"closed","ping_status":"closed","sticky":false,"template":"","format":"standard","meta":[],"categories":[17],"tags":[158,334],"wps_subtitle":"Unite slams sentencing of Turkish trade unionists","_links":{"self":[{"href":"https:\/\/unitelive.test.igniteamt.com\/index.php?rest_route=\/wp\/v2\/posts\/16751"}],"collection":[{"href":"https:\/\/unitelive.test.igniteamt.com\/index.php?rest_route=\/wp\/v2\/posts"}],"about":[{"href":"https:\/\/unitelive.test.igniteamt.com\/index.php?rest_route=\/wp\/v2\/types\/post"}],"author":[{"embeddable":true,"href":"https:\/\/unitelive.test.igniteamt.com\/index.php?rest_route=\/wp\/v2\/users\/2"}],"replies":[{"embeddable":true,"href":"https:\/\/unitelive.test.igniteamt.com\/index.php?rest_route=%2Fwp%2Fv2%2Fcomments&post=16751"}],"version-history":[{"count":2,"href":"https:\/\/unitelive.test.igniteamt.com\/index.php?rest_route=\/wp\/v2\/posts\/16751\/revisions"}],"predecessor-version":[{"id":25700,"href":"https:\/\/unitelive.test.igniteamt.com\/index.php?rest_route=\/wp\/v2\/posts\/16751\/revisions\/25700"}],"wp:featuredmedia":[{"embeddable":true,"href":"https:\/\/unitelive.test.igniteamt.com\/index.php?rest_route=\/wp\/v2\/media\/16752"}],"wp:attachment":[{"href":"https:\/\/unitelive.test.igniteamt.com\/index.php?rest_route=%2Fwp%2Fv2%2Fmedia&parent=16751"}],"wp:term":[{"taxonomy":"category","embeddable":true,"href":"https:\/\/unitelive.test.igniteamt.com\/index.php?rest_route=%2Fwp%2Fv2%2Fcategories&post=16751"},{"taxonomy":"post_tag","embeddable":true,"href":"https:\/\/unitelive.test.igniteamt.com\/index.php?rest_route=%2Fwp%2Fv2%2Ftags&post=16751"}],"curies":[{"name":"wp","href":"https:\/\/api.w.org\/{rel}","templated":true}]}}