{"id":17844,"date":"2019-04-28T08:00:00","date_gmt":"2019-04-28T07:00:00","guid":{"rendered":"http:\/\/unitelive.org\/?p=17844"},"modified":"2020-11-12T12:56:49","modified_gmt":"2020-11-12T12:56:49","slug":"unite-mark-soave-workers-memorial-day","status":"publish","type":"post","link":"https:\/\/unitelive.test.igniteamt.com\/?p=17844","title":{"rendered":"&#8216;I just thought he was running late&#8217;"},"content":{"rendered":"<div id=\"fb-root\"><\/div>\n<p><em>Every year on April 28 on Workers Memorial Day, Unite joins workers across the world to pay tribute to those who have tragically died at work \u00e2\u20ac\u201c many under unsafe working conditions.<\/em><\/p>\n<p>&nbsp;<\/p>\n<p><em>Today we hear from Unite regional officer Mark Soave, who previously served as a regional organiser for UCATT and before that as a UCATT member and activist.<\/em><\/p>\n<p>&nbsp;<\/p>\n<p><em>Mark recounts his story from more than four decades ago, when he was only 11. It was a day that would change his life forever.<\/em><\/p>\n<p>&nbsp;<\/p>\n<p>My story starts in 1973. I was an eleven year old school boy. My dad\u00e2\u20ac\u2122s name was George Soave &#8212; he was Italian. He came here to this country in 1929 to escape poverty near Monte Cassino in southern Italy. The family came over and went into the ice cream business but the business couldn\u00e2\u20ac\u2122t support all the family. So my dad trained as a joiner and became a member of the newly formed UCATT.<\/p>\n<p>&nbsp;<\/p>\n<p>He wasn\u00e2\u20ac\u2122t an activist but was an active member. He was active in the local Labour Party. We lived in Sheerness on the Isle of Sheppey, where I still live today. At the outbreak of war my grandparents were interned under national security. My dad\u00e2\u20ac\u2122s sister and brother were evacuated to Devon and lived on a farm. I don\u00e2\u20ac\u2122t think they wanted to come back.<\/p>\n<p>&nbsp;<\/p>\n<p>It was December 1973 &#8212; just before Christmas. I had a younger brother who was three at the time, and an older sister who was 15. We\u00e2\u20ac\u2122d finished school for the holidays. Like any 11-year-old, I was wound up at the prospect of Christmas. We\u00e2\u20ac\u2122d had our school party and watched the <em>Carry On<\/em> films, as you did in those days. My mother and her sister-in-law were the last two to run the family caf\u0102\u00a9. My job, when I came home, was to look after my younger brother in the flat above the caf\u0102\u00a9.<\/p>\n<p>&nbsp;<\/p>\n<p>Normally my dad would come home about six o\u00e2\u20ac\u2122clock. \u00c2\u00a0I\u00e2\u20ac\u2122d always know he would be home because he had a white Fiat and you would see his reversing lights come round the corner. But that day I figured he was running late. It was the end of the three-day week. Everyone was going back to work to catch up and earn some extra money for Christmas. He must be late, I thought.<\/p>\n<p>&nbsp;<\/p>\n<p>Then I could hear voices downstairs, and I went downstairs to the kitchen area of the caf\u0102\u00a9 and mum was crying, as was my sister, who had come home from school. And there was my dad\u00e2\u20ac\u2122s friend, Fred Reid. I remember saying: \u00e2\u20ac\u0098What\u00e2\u20ac\u2122s wrong? Where\u00e2\u20ac\u2122s my dad?\u00e2\u20ac\u2122 Fred just said: \u00e2\u20ac\u0098Your dad\u00e2\u20ac\u2122s had an accident, Mark. He\u00e2\u20ac\u2122s in hospital.\u00e2\u20ac\u2122 Someone stayed with us while my mum went to intensive care.<\/p>\n<p>&nbsp;<\/p>\n<p>My dad had fallen from height and hit his head. He\u00e2\u20ac\u2122d suffered a fractured skull and suspected severe brain damage. He was taken to hospital with a police escort in an old Bedford ambulance. It\u00e2\u20ac\u2122s about a 20 mile trek to the Medway towns. It\u00e2\u20ac\u2122s now called the Medway Maritime Hospital in Gillingham.<\/p>\n<p>&nbsp;<\/p>\n<p>You hear people saying \u00e2\u20ac\u0098he\u00e2\u20ac\u2122s not going to pull through\u00e2\u20ac\u2122 but as a child you believe a miracle is going to happen. People go into hospital and they get better, right? My dad was only 47. On the Saturday I begged everyone to go and see my dad, and my cousin who was home from the Royal Marines took me to see him. There were various members of the family round his bed. The matron said I just want to warn you about what you\u00e2\u20ac\u2122re going to see. He\u00e2\u20ac\u2122s got lots of tubes coming out of him.<\/p>\n<p>&nbsp;<\/p>\n<p>My first thought was that he was unshaven. I\u00e2\u20ac\u2122d never seen my dad unshaven before. He had these purple eyelids; it was really horrible. I must have started crying and they took me out.<\/p>\n<p>&nbsp;<\/p>\n<p>The next day was the Sunday. It was his birthday. He was 47. The next thing I remember it was Christmas Eve, about 1pm and we got a phone call to say he\u00e2\u20ac\u2122d died. He\u00e2\u20ac\u2122d given up his fight for life. My mum just went to pieces. She was on Valium. But you know what?\u00c2\u00a0 Two weeks later she was back at work. She had three kids to support.<\/p>\n<p>&nbsp;<\/p>\n<p>I found out later how exactly he died.<\/p>\n<p>&nbsp;<\/p>\n<p>He was a joiner at a factory employing about 50 or 60 people. The men would clear the site at the end of the day. Two of them would climb up into this skip, which was about six foot high, place a plank across the skip, then stand on the plank and a forklift would lift a box up there and they would empty the box.<\/p>\n<p>&nbsp;<\/p>\n<p>On that particularly day, my dad slipped. He fell back and hit his head and the impact squashed his brain. He died of severe brain damage and a fractured skull. The coroner gave a verdict of accidental death. The union took the case up with a barrister and got an out-of-court settlement. There was no pension fund. The small amount of compensation we received paid the small mortgage that my mum and dad had taken out on the house.<\/p>\n<p>&nbsp;<\/p>\n<p>They said we\u00e2\u20ac\u2122d have got more if he\u00e2\u20ac\u2122d fallen from a greater height. My dad\u00e2\u20ac\u2122s colleagues were really good. They had a massive collection for my mum and us kids. For an 11 year old, it was just devastating. I went to a religious school and you always thought God would look after good people and I always thought that my dad was a good person. What was terrible for everyone in the family was that it happened at Christmas.<\/p>\n<p>&nbsp;<\/p>\n<p>When I interviewed for my job years ago as a regional organiser for UCATT, a predecessor union of Unite, my mum said to me: \u00e2\u20ac\u0098Don\u00e2\u20ac\u2122t you forget to tell them UCATT would always sent a \u00c2\u014110 cheque at Christmas, it was for you children.\u00e2\u20ac\u2122 My mum never forgot that. She would always tell that story &#8212; that the union looked after her by sending \u00c2\u014110 every Christmas.<\/p>\n<p>&nbsp;<\/p>\n<p>My dad\u00e2\u20ac\u2122s death at work could possibly be why I\u00e2\u20ac\u2122ve become a union activist today, interested in safety. I used to work in a pre-cast concrete plant where I first became an organiser. I got this job at the age of 45. I thought my chance had gone. In my dad\u00e2\u20ac\u2122s era there was no health and safety. His death made me more safety conscious.<\/p>\n<p>&nbsp;<\/p>\n<p>I never got to drink my first pint with my dad. When I bought my first moped he wasn\u00e2\u20ac\u2122t there to teach me to ride it. My poor brother never knew him because he was too young. My dad never got to walk my sister down the aisle or meet his granddaughters. I didn\u00e2\u20ac\u2122t get any fatherly advice as I grew up. I lost all that. These are the effects on people of a death at work. My mum never remarried. She grew up in the war &#8211; &#8211; she had that stiff upper lip. I don\u00e2\u20ac\u2122t know how she did it.<\/p>\n<p>&nbsp;<\/p>\n<p>Find out more about Workers Memorial Day and <a href=\"https:\/\/unitetheunion.org\/news-events\/events\/workers-memorial-day\/\">Unite events marking the day near you on Unite&#8217;s web page<\/a>.<\/p>\n","protected":false},"excerpt":{"rendered":"<p>Every year on April 28 on Workers Memorial Day, Unite joins workers across the world to pay tribute to those who have tragically died at work \u00e2\u20ac\u201c many under unsafe working conditions. &nbsp; Today we hear from Unite regional officer Mark Soave, who previously served as a regional organiser for UCATT and before that as [&hellip;]<\/p>\n","protected":false},"author":2,"featured_media":2044,"comment_status":"closed","ping_status":"closed","sticky":false,"template":"","format":"standard","meta":[],"categories":[1],"tags":[167,290,516],"wps_subtitle":"Unite\u00e2\u20ac\u2122s Mark Soave shares his story on Workers Memorial Day","_links":{"self":[{"href":"https:\/\/unitelive.test.igniteamt.com\/index.php?rest_route=\/wp\/v2\/posts\/17844"}],"collection":[{"href":"https:\/\/unitelive.test.igniteamt.com\/index.php?rest_route=\/wp\/v2\/posts"}],"about":[{"href":"https:\/\/unitelive.test.igniteamt.com\/index.php?rest_route=\/wp\/v2\/types\/post"}],"author":[{"embeddable":true,"href":"https:\/\/unitelive.test.igniteamt.com\/index.php?rest_route=\/wp\/v2\/users\/2"}],"replies":[{"embeddable":true,"href":"https:\/\/unitelive.test.igniteamt.com\/index.php?rest_route=%2Fwp%2Fv2%2Fcomments&post=17844"}],"version-history":[{"count":2,"href":"https:\/\/unitelive.test.igniteamt.com\/index.php?rest_route=\/wp\/v2\/posts\/17844\/revisions"}],"predecessor-version":[{"id":25321,"href":"https:\/\/unitelive.test.igniteamt.com\/index.php?rest_route=\/wp\/v2\/posts\/17844\/revisions\/25321"}],"wp:featuredmedia":[{"embeddable":true,"href":"https:\/\/unitelive.test.igniteamt.com\/index.php?rest_route=\/wp\/v2\/media\/2044"}],"wp:attachment":[{"href":"https:\/\/unitelive.test.igniteamt.com\/index.php?rest_route=%2Fwp%2Fv2%2Fmedia&parent=17844"}],"wp:term":[{"taxonomy":"category","embeddable":true,"href":"https:\/\/unitelive.test.igniteamt.com\/index.php?rest_route=%2Fwp%2Fv2%2Fcategories&post=17844"},{"taxonomy":"post_tag","embeddable":true,"href":"https:\/\/unitelive.test.igniteamt.com\/index.php?rest_route=%2Fwp%2Fv2%2Ftags&post=17844"}],"curies":[{"name":"wp","href":"https:\/\/api.w.org\/{rel}","templated":true}]}}