{"id":18403,"date":"2019-07-09T15:46:51","date_gmt":"2019-07-09T14:46:51","guid":{"rendered":"http:\/\/unitelive.org\/?p=18403"},"modified":"2020-11-12T12:56:02","modified_gmt":"2020-11-12T12:56:02","slug":"dementia-social-care-crisis","status":"publish","type":"post","link":"https:\/\/unitelive.test.igniteamt.com\/?p=18403","title":{"rendered":"&#8216;Broken system&#8217;"},"content":{"rendered":"<div id=\"fb-root\"><\/div>\n<p>Dementia sufferers have forked out nearly \u00c2\u014115bn of their own cash over the last two years while waiting for government reforms to end Britain\u00e2\u20ac\u2122s burgeoning social care crisis, according to Alzheimer\u00e2\u20ac\u2122s Society research.<\/p>\n<p>&nbsp;<\/p>\n<p>The charity demanded extra funding for those living with dementia while the long delayed strategy to end the crisis is delivered.<\/p>\n<p>&nbsp;<\/p>\n<p>Unite said the government cannot afford to ignore the <a href=\"unitelive.org\/tag\/social-care\">social care<\/a> crisis \u00e2\u20ac\u201c which has been exacerbated by huge cuts to local authority budgets \u00e2\u20ac\u201c \u00e2\u20ac\u015ba moment longer\u00e2\u20ac\u0165.<\/p>\n<p>&nbsp;<\/p>\n<p>Ministers pledged in early 2017 that a green paper laying out how to tackle the crisis in social care would be published that summer, however its release has been postponed six times since then.<\/p>\n<p>&nbsp;<\/p>\n<p>The Green Paper will now be published at the \u00e2\u20ac\u015bearliest opportunity\u00e2\u20ac\u0165, according to the latest government update.<\/p>\n<p>&nbsp;<\/p>\n<p>The Alzheimer\u00e2\u20ac\u2122s Society <a href=\"https:\/\/www.alzheimers.org.uk\/news\/2019-07-09\/people-dementia-spend-almost-ps15bn-their-own-money-waiting-government-care-0\">research<\/a> found that since March 2017, dementia sufferers who were well enough to be at home have spent over a million unnecessary days in hospital beds \u00e2\u20ac\u201c costing the NHS more than \u00c2\u0141340m.<\/p>\n<p>&nbsp;<\/p>\n<p>As well as highlighting the \u00c2\u0141100,000 dementia sufferers typically spend on care, the charity launched a new photo exhibit in Parliament of those impacted by the care crisis.<\/p>\n<p>&nbsp;<\/p>\n<p>The exhibit includes a woman forced to ask people in the street to come into her home to lift her husband off the floor and a woman who could not leave hospital because she still did not have a care assessment after a year of waiting.<\/p>\n<p>&nbsp;<\/p>\n<p>Alzheimer\u00e2\u20ac\u2122s Society chief executive Jeremy Hughes said, \u00e2\u20ac\u015bThis shocking sum of money spent by people with dementia over the last two years trying to get access to the care and support they desperately need is utterly unacceptable.<\/p>\n<p>&nbsp;<\/p>\n<p>\u00e2\u20ac\u015bAnd the amount and quality of care they\u00e2\u20ac\u2122re getting for it \u00e2\u20ac\u201c those who can afford it \u00e2\u20ac\u201c just isn\u00e2\u20ac\u2122t good enough. The results are people with dementia and their families falling victim to this dreadfully broken system.<\/p>\n<p>&nbsp;<\/p>\n<p>\u00e2\u20ac\u015bThe evidence of the gross inequity continues to pile up, and yet still the government does nothing. We need an immediate cash injection through a dedicated dementia fund, while the government works out a long-term solution to finally end this crisis in care.\u00e2\u20ac\u0165<\/p>\n<p>&nbsp;<\/p>\n<p>Unite assistant general secretary Gail Cartmail, said the government\u00e2\u20ac\u2122s prolonged attacks on vital <a href=\"http:\/\/unitelive.org\/tag\/public-services\/\">public services<\/a> such as social care were causing \u00e2\u20ac\u015bdesperate human pain\u00e2\u20ac\u0165.<\/p>\n<p>&nbsp;<\/p>\n<p>She said, \u00e2\u20ac\u015bThe government has been warned time and again that its ceaseless cuts to local authority funding have very real and painful consequences for people\u00e2\u20ac\u00a6 it cannot ignore the social care crisis a moment longer,\u00e2\u20ac\u0165 said Cartmail.<\/p>\n<p>&nbsp;<\/p>\n<p>\u00e2\u20ac\u015bThe UK is the fifth biggest economy on the planet.\u00c2\u00a0 We can and should find the money to treat our vulnerable with dignity and fairly reward those who care for them too.\u00e2\u20ac\u0165<\/p>\n","protected":false},"excerpt":{"rendered":"<p>Dementia sufferers have forked out nearly \u00c2\u014115bn of their own cash over the last two years while waiting for government reforms to end Britain\u00e2\u20ac\u2122s burgeoning social care crisis, according to Alzheimer\u00e2\u20ac\u2122s Society research. &nbsp; The charity demanded extra funding for those living with dementia while the long delayed strategy to end the crisis is delivered. [&hellip;]<\/p>\n","protected":false},"author":2,"featured_media":11645,"comment_status":"closed","ping_status":"closed","sticky":false,"template":"","format":"standard","meta":[],"categories":[1],"tags":[575,595],"wps_subtitle":"Dementia sufferers spend billions of pounds of their own money amid social care crisis","_links":{"self":[{"href":"https:\/\/unitelive.test.igniteamt.com\/index.php?rest_route=\/wp\/v2\/posts\/18403"}],"collection":[{"href":"https:\/\/unitelive.test.igniteamt.com\/index.php?rest_route=\/wp\/v2\/posts"}],"about":[{"href":"https:\/\/unitelive.test.igniteamt.com\/index.php?rest_route=\/wp\/v2\/types\/post"}],"author":[{"embeddable":true,"href":"https:\/\/unitelive.test.igniteamt.com\/index.php?rest_route=\/wp\/v2\/users\/2"}],"replies":[{"embeddable":true,"href":"https:\/\/unitelive.test.igniteamt.com\/index.php?rest_route=%2Fwp%2Fv2%2Fcomments&post=18403"}],"version-history":[{"count":2,"href":"https:\/\/unitelive.test.igniteamt.com\/index.php?rest_route=\/wp\/v2\/posts\/18403\/revisions"}],"predecessor-version":[{"id":25152,"href":"https:\/\/unitelive.test.igniteamt.com\/index.php?rest_route=\/wp\/v2\/posts\/18403\/revisions\/25152"}],"wp:featuredmedia":[{"embeddable":true,"href":"https:\/\/unitelive.test.igniteamt.com\/index.php?rest_route=\/wp\/v2\/media\/11645"}],"wp:attachment":[{"href":"https:\/\/unitelive.test.igniteamt.com\/index.php?rest_route=%2Fwp%2Fv2%2Fmedia&parent=18403"}],"wp:term":[{"taxonomy":"category","embeddable":true,"href":"https:\/\/unitelive.test.igniteamt.com\/index.php?rest_route=%2Fwp%2Fv2%2Fcategories&post=18403"},{"taxonomy":"post_tag","embeddable":true,"href":"https:\/\/unitelive.test.igniteamt.com\/index.php?rest_route=%2Fwp%2Fv2%2Ftags&post=18403"}],"curies":[{"name":"wp","href":"https:\/\/api.w.org\/{rel}","templated":true}]}}