{"id":19326,"date":"2019-10-18T15:55:02","date_gmt":"2019-10-18T14:55:02","guid":{"rendered":"http:\/\/unitelive.org\/?p=19326"},"modified":"2020-11-12T12:55:06","modified_gmt":"2020-11-12T12:55:06","slug":"leading-from-the-front","status":"publish","type":"post","link":"https:\/\/unitelive.test.igniteamt.com\/?p=19326","title":{"rendered":"Leading from the front"},"content":{"rendered":"<div id=\"fb-root\"><\/div>\n<p>Unite is escalating its fight against racism and division on <a href=\"http:\/\/unitelive.org\/show-racism-red-card-wear-red-day-2019\/\">Wear Red Day today<\/a> (October 18), with two of the union\u00e2\u20ac\u2122s regions holding Unity Over Division conferences aimed at tackling the far right\u00e2\u20ac\u2122s message of hatred.<\/p>\n<p>&nbsp;<\/p>\n<p>The conferences, which will also be held across all the union\u00e2\u20ac\u2122s regions in the coming weeks and months, will discuss ways to challenge the growing far right narrative of hate and division now permeating society.<\/p>\n<p>&nbsp;<\/p>\n<p>The conferences have grown out of the Unity over Division campaign launched by Unite earlier this year in response to the rise of the far right in the UK, across Europe and in many parts of the world.<\/p>\n<p>&nbsp;<\/p>\n<p>It is aimed at equipping working people with the skills and knowledge to challenge the arguments of the far right and the casual racism that is becoming more prevalent in our workplaces and communities.<\/p>\n<p>&nbsp;<\/p>\n<p>Unite\u00e2\u20ac\u2122s West Midlands conference drew nearly 200 delegates fand was held at the West Bromich Albion football club.<\/p>\n<p>&nbsp;<\/p>\n<p>A range of speakers attended including Unite assistant general secretaries Steve Turner and Howard Beckett, alongside Unite regional secretary Annemarie Kilcline\u00c2\u00a0Unite regional chair Asif Mohammed, and Unite Women and Equalities officer Maureen Scott-Douglas,\u00c2\u00a0 (pictured L-R)<\/p>\n<p>&nbsp;<\/p>\n<p><img loading=\"lazy\" class=\"aligncenter size-full wp-image-19327\" src=\"http:\/\/unitelive.org\/wp-content\/uploads\/2019\/10\/unity-over-division-west-mids1.jpg\" alt=\"unity over division west mids1\" width=\"640\" height=\"480\" srcset=\"https:\/\/unitelive.test.igniteamt.com\/wp-content\/uploads\/2019\/10\/unity-over-division-west-mids1.jpg 640w, https:\/\/unitelive.test.igniteamt.com\/wp-content\/uploads\/2019\/10\/unity-over-division-west-mids1-300x225.jpg 300w\" sizes=\"(max-width: 640px) 100vw, 640px\" \/><\/p>\n<p>&nbsp;<\/p>\n<p>&nbsp;<\/p>\n<p>Unite regional officer Frank Keogh hailed today&#8217;s conference, saying it drew enthusiastic delegates from across the region.<\/p>\n<p>&nbsp;<\/p>\n<p>&#8220;We raised about \u00c2\u0141200 for Wear Red Day and had some fascinating discussions about further developing our Unity over Division campaign,&#8221; he said. &#8220;We represent a large variety people from different ethnicities, genders, and religions so as\u00c2\u00a0trade unionists, this work is absolutely vital. We must stand up to racism in all its forms; trade unions should be leading from the front in challenging the narrative of the far right.&#8221;<\/p>\n<p>&nbsp;<\/p>\n<p>Meanwhile in the South East region, scores of delegates attended the region\u00e2\u20ac\u2122s own Unity Over Division conference. The day consisted of different workshops, including one on myth-busting claims made by the far right; how to have difficult conversations in the workplace; and another where delegates shared their own experiences of racism in the workplace.<\/p>\n<p>&nbsp;<\/p>\n<p><img loading=\"lazy\" class=\"aligncenter size-full wp-image-19329\" src=\"http:\/\/unitelive.org\/wp-content\/uploads\/2019\/10\/unity-over-division-south-east-1.jpg\" alt=\"unity over division south east\" width=\"800\" height=\"494\" srcset=\"https:\/\/unitelive.test.igniteamt.com\/wp-content\/uploads\/2019\/10\/unity-over-division-south-east-1.jpg 800w, https:\/\/unitelive.test.igniteamt.com\/wp-content\/uploads\/2019\/10\/unity-over-division-south-east-1-300x185.jpg 300w, https:\/\/unitelive.test.igniteamt.com\/wp-content\/uploads\/2019\/10\/unity-over-division-south-east-1-768x474.jpg 768w\" sizes=\"(max-width: 800px) 100vw, 800px\" \/><\/p>\n<p>&nbsp;<\/p>\n<p>&nbsp;<\/p>\n<p>Speaking from the conference, Unite Community and schools coordinator Joe Dukes told UniteLive that the\u00c2\u00a0event\u00c2\u00a0has seen a \u00e2\u20ac\u015bfantastic response\u00e2\u20ac\u0165 so far.<\/p>\n<p>&nbsp;<\/p>\n<p>He hailed the panel of speakers including Unite national officer Sarah Carpenter, Labour MP for Slough Tan Dhesi, Unite South East region chair Gordon Lean and Unite political education co-ordinator Barry Faulkner, among others. Unite assistant general secretary Steve Turner also addressed the conference.<\/p>\n<p>&nbsp;<\/p>\n<p>\u00e2\u20ac\u015bI\u00e2\u20ac\u2122m incredibly proud that our members have taken a proactive stance against the rise of the far right that\u00e2\u20ac\u2122s reared its ugly head both internationally and domestically,\u00e2\u20ac\u0165 Dukes said. \u00e2\u20ac\u015bThis is what Unite is all about \u00e2\u20ac\u201c being a fight-back union that tackles problems like racism head-on.\u00e2\u20ac\u0165<\/p>\n<p>&nbsp;<\/p>\n<p>As Unite\u00e2\u20ac\u2122s South East and West Midlands regions hosted their respective conferences today, the rest of the Unite family gave their own support to Wear Red Day.<\/p>\n<p>&nbsp;<\/p>\n<p>The national day of action organised by Show Racism the Red Card, an anti-racist educational charity Unite has long supported, called on participants to wear red and donate \u00c2\u01411 to support the organisation\u00e2\u20ac\u2122s training in schools and workplaces across the UK.<\/p>\n<p>&nbsp;<\/p>\n<p>Unite executive council member James Mitchell, who has long been a supporter of Show Racism the Red Card, hailed both the charity and the work the union is doing to combat racism and the far right.<\/p>\n<p>&nbsp;<\/p>\n<p><img loading=\"lazy\" class=\"aligncenter size-large wp-image-18739\" src=\"http:\/\/unitelive.org\/wp-content\/uploads\/2019\/09\/red-card-ec-members-1024x683.jpg\" alt=\"red card ec members\" width=\"640\" height=\"427\" srcset=\"https:\/\/unitelive.test.igniteamt.com\/wp-content\/uploads\/2019\/09\/red-card-ec-members-1024x683.jpg 1024w, https:\/\/unitelive.test.igniteamt.com\/wp-content\/uploads\/2019\/09\/red-card-ec-members-300x200.jpg 300w, https:\/\/unitelive.test.igniteamt.com\/wp-content\/uploads\/2019\/09\/red-card-ec-members-768x512.jpg 768w\" sizes=\"(max-width: 640px) 100vw, 640px\" \/><\/p>\n<p>&nbsp;<\/p>\n<p>\u00e2\u20ac\u015bShow Racism the Red Card\u00e2\u20ac\u2122s work is absolutely vital because they educate our young \u00e2\u20ac\u201c that\u00e2\u20ac\u2122s the only way we can successfully root out racism once and for all,\u00e2\u20ac\u0165 he said.<\/p>\n<p>&nbsp;<\/p>\n<p>\u00e2\u20ac\u015bAs a union we must support educational work like Show Racism the Red Card and our Unity over Division campaign because this is what we are all about \u00e2\u20ac\u201c showing solidarity with our fellow working people and\u00c2\u00a0standing as one, united,\u00e2\u20ac\u0165 he said. \u00e2\u20ac\u015bWe won\u00e2\u20ac\u2122t be segregated or separated.\u00e2\u20ac\u0165<\/p>\n<p>&nbsp;<\/p>\n<p>Unite general secretary Len McCluskey proudly wore his own red shirt \u00e2\u20ac\u201c quoting legendary Liverpool FC manager and devoted socialist Bill Shankly.<\/p>\n<p>&nbsp;<\/p>\n<p>&nbsp;<\/p>\n<p>He said, \u00e2\u20ac\u015bI\u00e2\u20ac\u2122m proud to be wearing my hero\u00e2\u20ac\u2122s shirt on Wear Red Day &#8212; a day for true football fans to stand together, to put the solidarity among players and supporters on display and remind the bigoted few that hate has no place in our game.\u00e2\u20ac\u0165<\/p>\n<p>&nbsp;<\/p>\n<p><img loading=\"lazy\" class=\"aligncenter size-large wp-image-19332\" src=\"http:\/\/unitelive.org\/wp-content\/uploads\/2019\/10\/len-wear-red-1-768x1024.jpg\" alt=\"len wear red\" width=\"640\" height=\"853\" \/><\/p>\n","protected":false},"excerpt":{"rendered":"<p>Unite is escalating its fight against racism and division on Wear Red Day today (October 18), with two of the union\u00e2\u20ac\u2122s regions holding Unity Over Division conferences aimed at tackling the far right\u00e2\u20ac\u2122s message of hatred. &nbsp; The conferences, which will also be held across all the union\u00e2\u20ac\u2122s regions in the coming weeks and months, [&hellip;]<\/p>\n","protected":false},"author":2,"featured_media":19330,"comment_status":"closed","ping_status":"closed","sticky":false,"template":"","format":"standard","meta":[],"categories":[17],"tags":[1195,1249],"wps_subtitle":"Unite celebrates Wear Red Day with Unity Over Division conferences","_links":{"self":[{"href":"https:\/\/unitelive.test.igniteamt.com\/index.php?rest_route=\/wp\/v2\/posts\/19326"}],"collection":[{"href":"https:\/\/unitelive.test.igniteamt.com\/index.php?rest_route=\/wp\/v2\/posts"}],"about":[{"href":"https:\/\/unitelive.test.igniteamt.com\/index.php?rest_route=\/wp\/v2\/types\/post"}],"author":[{"embeddable":true,"href":"https:\/\/unitelive.test.igniteamt.com\/index.php?rest_route=\/wp\/v2\/users\/2"}],"replies":[{"embeddable":true,"href":"https:\/\/unitelive.test.igniteamt.com\/index.php?rest_route=%2Fwp%2Fv2%2Fcomments&post=19326"}],"version-history":[{"count":3,"href":"https:\/\/unitelive.test.igniteamt.com\/index.php?rest_route=\/wp\/v2\/posts\/19326\/revisions"}],"predecessor-version":[{"id":24903,"href":"https:\/\/unitelive.test.igniteamt.com\/index.php?rest_route=\/wp\/v2\/posts\/19326\/revisions\/24903"}],"wp:featuredmedia":[{"embeddable":true,"href":"https:\/\/unitelive.test.igniteamt.com\/index.php?rest_route=\/wp\/v2\/media\/19330"}],"wp:attachment":[{"href":"https:\/\/unitelive.test.igniteamt.com\/index.php?rest_route=%2Fwp%2Fv2%2Fmedia&parent=19326"}],"wp:term":[{"taxonomy":"category","embeddable":true,"href":"https:\/\/unitelive.test.igniteamt.com\/index.php?rest_route=%2Fwp%2Fv2%2Fcategories&post=19326"},{"taxonomy":"post_tag","embeddable":true,"href":"https:\/\/unitelive.test.igniteamt.com\/index.php?rest_route=%2Fwp%2Fv2%2Ftags&post=19326"}],"curies":[{"name":"wp","href":"https:\/\/api.w.org\/{rel}","templated":true}]}}