{"id":19742,"date":"2020-01-06T16:49:59","date_gmt":"2020-01-06T16:49:59","guid":{"rendered":"http:\/\/unitelive.org\/?p=19742"},"modified":"2020-11-12T12:54:49","modified_gmt":"2020-11-12T12:54:49","slug":"new-year-new-fare-increase","status":"publish","type":"post","link":"https:\/\/unitelive.test.igniteamt.com\/?p=19742","title":{"rendered":"New Year, new fare hike"},"content":{"rendered":"<div id=\"fb-root\"><\/div>\n<p>Rail travellers have yet again been hit by fare increases, up 2.7 per cent, which came into effect just after New Year\u00e2\u20ac\u2122s Day on January 2.<\/p>\n<p>&nbsp;<\/p>\n<p><a href=\"https:\/\/www.tuc.org.uk\/news\/public-railways-would-be-better-value-commuters-says-tuc\">New research from the TUC<\/a> has found that since 2009, commuter fares have risen a whopping 46 per cent, while wages have trailed behind, rising only 23 per cent over the same time period.<\/p>\n<p>&nbsp;<\/p>\n<p>Now, UK commuters spend up to seven times more on season tickets than their European counterparts.<\/p>\n<p>&nbsp;<\/p>\n<p>The TUC analysis found that a worker on an average wage would have to spend an eye-watering 16 per cent of their pay for a monthly season ticket of \u00c2\u0141511 from Chelmsford to London, while in a France, the average worker will spend just 2 per cent of their wages on a comparable commute. In Germany and Belgium, the average worker will spend 4 per cent.<\/p>\n<p>&nbsp;<\/p>\n<p>Some annual season tickets have risen by more than \u00c2\u0141100, with annual season ticket from Reading to London rising to\u00c2\u00a0\u00c2\u01414,736, up \u00c2\u0141132. An annual season pass from Gloucester to Birmingham has spiked by \u00c2\u0141118, now totalling\u00c2\u00a0\u00c2\u01414,356, while Glasgow to Edinburgh season ticket has skyrocketed by \u00c2\u0141116 to \u00c2\u01414,200.<\/p>\n<p>&nbsp;<\/p>\n<p>As fare rises, announced by industry body Rail Delivery Group in November, went into effect last week, German travellers were treated with altogether better New Year\u00e2\u20ac\u2122s news. For the first time in 17 years, fares for long-distance rail travel in Germany will drop \u00e2\u20ac\u201c\u00c2\u00a0in an effort to fight climate change.<\/p>\n<p>&nbsp;<\/p>\n<p>Travellers taking trips of longer than 31km on Deutsch Bahn\u00e2\u20ac\u2122s Intercity Express trains will from the new year enjoy a 10 per cent drop in fares.<\/p>\n<p>&nbsp;<\/p>\n<p>The TUC said that against such a backdrop, rail fare hikes in the UK cannot be justified, especially in light of the fact that private rail companies have handed over \u00c2\u01411.2bn in dividends to shareholders in the last five years.<\/p>\n<p>&nbsp;<\/p>\n<p>\u00e2\u20ac\u015bWorking people have had enough of over-crowded and unreliable services,\u00e2\u20ac\u0165 said TUC general secretary Frances O\u00e2\u20ac\u2122Grady.<\/p>\n<p>&nbsp;<\/p>\n<p>\u00e2\u20ac\u015bThe number one priority should be running a world-class railway service, not subsidising shareholders,\u00e2\u20ac\u0165 she added.<\/p>\n<p>&nbsp;<\/p>\n<p>\u00e2\u20ac\u015bNo more excuses &#8211; the government must end the failed privatisation and put trains back in public ownership. This would free up money for much-needed upgrades and lower ticket prices for working people.\u00e2\u20ac\u0165<\/p>\n<p>&nbsp;<\/p>\n<p>Unite national officer for the rail industry Harish Patel agreed.<\/p>\n<p>&nbsp;<\/p>\n<p>\u00e2\u20ac\u015bEvery year, as regular as clockwork, rail travellers receive the post-Christmas slap in the face with daylight robbery rail fare increases,\u00e2\u20ac\u0165 he said.<\/p>\n<p>&nbsp;<\/p>\n<p>\u00e2\u20ac\u015bIf Boris Johnson\u00e2\u20ac\u2122s newly minted affection for working people means anything at all, he would be taking the rip-off privately owned rail companies by the scruff of the neck and bringing them back into public ownership in the name of his so-called \u00e2\u20ac\u0098People\u00e2\u20ac\u2122s government\u00e2\u20ac\u2122.\u00e2\u20ac\u0165<\/p>\n<p>&nbsp;<\/p>\n","protected":false},"excerpt":{"rendered":"<p>Rail travellers have yet again been hit by fare increases, up 2.7 per cent, which came into effect just after New Year\u00e2\u20ac\u2122s Day on January 2. &nbsp; New research from the TUC has found that since 2009, commuter fares have risen a whopping 46 per cent, while wages have trailed behind, rising only 23 per [&hellip;]<\/p>\n","protected":false},"author":2,"featured_media":847,"comment_status":"closed","ping_status":"closed","sticky":false,"template":"","format":"standard","meta":[],"categories":[1],"tags":[74,781],"wps_subtitle":"Unite blasts \u00e2\u20ac\u0098daylight robbery\u00e2\u20ac\u2122 rail fare hikes as some annual tickets rise by more than \u00c2\u0141100","_links":{"self":[{"href":"https:\/\/unitelive.test.igniteamt.com\/index.php?rest_route=\/wp\/v2\/posts\/19742"}],"collection":[{"href":"https:\/\/unitelive.test.igniteamt.com\/index.php?rest_route=\/wp\/v2\/posts"}],"about":[{"href":"https:\/\/unitelive.test.igniteamt.com\/index.php?rest_route=\/wp\/v2\/types\/post"}],"author":[{"embeddable":true,"href":"https:\/\/unitelive.test.igniteamt.com\/index.php?rest_route=\/wp\/v2\/users\/2"}],"replies":[{"embeddable":true,"href":"https:\/\/unitelive.test.igniteamt.com\/index.php?rest_route=%2Fwp%2Fv2%2Fcomments&post=19742"}],"version-history":[{"count":3,"href":"https:\/\/unitelive.test.igniteamt.com\/index.php?rest_route=\/wp\/v2\/posts\/19742\/revisions"}],"predecessor-version":[{"id":24794,"href":"https:\/\/unitelive.test.igniteamt.com\/index.php?rest_route=\/wp\/v2\/posts\/19742\/revisions\/24794"}],"wp:featuredmedia":[{"embeddable":true,"href":"https:\/\/unitelive.test.igniteamt.com\/index.php?rest_route=\/wp\/v2\/media\/847"}],"wp:attachment":[{"href":"https:\/\/unitelive.test.igniteamt.com\/index.php?rest_route=%2Fwp%2Fv2%2Fmedia&parent=19742"}],"wp:term":[{"taxonomy":"category","embeddable":true,"href":"https:\/\/unitelive.test.igniteamt.com\/index.php?rest_route=%2Fwp%2Fv2%2Fcategories&post=19742"},{"taxonomy":"post_tag","embeddable":true,"href":"https:\/\/unitelive.test.igniteamt.com\/index.php?rest_route=%2Fwp%2Fv2%2Ftags&post=19742"}],"curies":[{"name":"wp","href":"https:\/\/api.w.org\/{rel}","templated":true}]}}