{"id":20480,"date":"2020-04-07T17:10:45","date_gmt":"2020-04-07T16:10:45","guid":{"rendered":"http:\/\/unitelive.org\/?p=20480"},"modified":"2020-04-07T17:10:46","modified_gmt":"2020-04-07T16:10:46","slug":"coronavirus-news-round-up","status":"publish","type":"post","link":"https:\/\/unitelive.test.igniteamt.com\/?p=20480","title":{"rendered":"Coronavirus news round-up"},"content":{"rendered":"<div id=\"fb-root\"><\/div>\n\n<p>In our latest coronavirus news round-up on Tuesday (April 7), UniteLive highlighted how the potential collapse of hospice charity Sue Ryder was only the \u00e2\u20ac\u0098tip of the iceberg\u00e2\u20ac\u2122 as charities across the UK face a funding crisis without government support.<\/p>\n\n\n\n<div style=\"height:50px\" aria-hidden=\"true\" class=\"wp-block-spacer\"><\/div>\n\n\n\n<p>\u00e2\u20ac\u015bThe closure of the Sue Ryder hospices would be a national tragedy, but sadly, this is just the tip of the iceberg as charities face an unprecedented funding threat that could see the demise of many more charities,\u00e2\u20ac\u0165 she Unite national officer Siobhan Endean<\/p>\n\n\n\n<div style=\"height:50px\" aria-hidden=\"true\" class=\"wp-block-spacer\"><\/div>\n\n\n\n<p>\u00e2\u20ac\u015bWe were expecting the funding package for the sector to be announced last Friday (April 3), but it has been kicked down the road again which is completely unacceptable,\u00e2\u20ac\u0165 she added. \u00e2\u20ac\u015bWe called for a comprehensive financial package last week \u00e2\u20ac\u201c and now it is time for ministers to hit the accelerator before the UK\u00e2\u20ac\u2122s charities face the biggest-ever threat to their future.\u00e2\u20ac\u0165<\/p>\n\n\n\n<div style=\"height:50px\" aria-hidden=\"true\" class=\"wp-block-spacer\"><\/div>\n\n\n\n<p>You can read our <a href=\"http:\/\/unitelive.org\/sue-ryder-collapse\/\">full story here<\/a>.<\/p>\n\n\n\n<div style=\"height:50px\" aria-hidden=\"true\" class=\"wp-block-spacer 50\"><\/div>\n\n\n\n<p><strong><em>Bus workers plea<\/em><\/strong><\/p>\n\n\n\n<p>On Monday (April 6), <a href=\"http:\/\/unitelive.org\/bus-worker-deaths-coronavirus-safety\/\">UniteLive highlighted the plight of bus workers<\/a>, who are unsung heroes in the coronavirus crisis, literally risking their lives to get NHS staff and other essential workers to and from work.<\/p>\n\n\n\n<div style=\"height:50px\" aria-hidden=\"true\" class=\"wp-block-spacer\"><\/div>\n\n\n\n<p>Yesterday it emerged that several bus drivers have died after contracting coronavirus, and today Translink workers in Northern Ireland joined bus drivers across the UK in pleading that the public stay home and not use public transport unless they are key workers.<\/p>\n\n\n\n<div style=\"height:50px\" aria-hidden=\"true\" class=\"wp-block-spacer\"><\/div>\n\n\n\n<p>Unite deputy regional secretary Davy Thompson highlighted all the protections Unite has secured for Translink workers.<\/p>\n\n\n\n<div style=\"height:50px\" aria-hidden=\"true\" class=\"wp-block-spacer\"><\/div>\n\n\n\n<p>\u00e2\u20ac\u015bThese include the provision of gloves, hand sanitiser, the introduction of cashless fares, additional protective coverings for security screens and the cordoning off of the front seats to ensure social distancing between drivers and passengers,\u00e2\u20ac\u0165 he said. \u00e2\u20ac\u015bThe measures we have been able to secure with the publicly-owned Translink are night and day as compared to that offered by private sector operators \u00e2\u20ac\u201c even where these are still continuing to operate.\u00e2\u20ac\u0165<\/p>\n\n\n\n<div style=\"height:50px\" aria-hidden=\"true\" class=\"wp-block-spacer\"><\/div>\n\n\n\n<p>But in order for these protections to have maximum effect, the public must stay home, explained chair of Unite\u00e2\u20ac\u2122s Metro drivers Michael Dornan.<\/p>\n\n\n\n<div style=\"height:50px\" aria-hidden=\"true\" class=\"wp-block-spacer\"><\/div>\n\n\n\n<p>\u00e2\u20ac\u015bSadly despite the infection control measures, we have seen some of our drivers fall ill but so far we have been lucky and we have no fatalities,\u00e2\u20ac\u0165 he said. \u00e2\u20ac\u015bEvery day we go to work hoping that today isn&#8217;t the day we contract the virus or worse still bring it home to our loved ones but we have to play our role and help other key and essential workers get to their equally vital jobs.\u00e2\u20ac\u0165<\/p>\n\n\n\n<div style=\"height:50px\" aria-hidden=\"true\" class=\"wp-block-spacer\"><\/div>\n\n\n\n<p>&nbsp;\u00e2\u20ac\u015bAt these stressful times we know that we have benefited from being a state-owned publicly funded company compared to other big UK bus companies, some of which have laid their staff off as they had no interest in running non-profitable routes. Translink and its workers are there to serve society.\u00e2\u20ac\u0165<\/p>\n\n\n\n<div style=\"height:50px\" aria-hidden=\"true\" class=\"wp-block-spacer\"><\/div>\n\n\n\n<p>\u00e2\u20ac\u015bWe would plead to the public, if you don&#8217;t need to travel stay at home, allow this service to be exclusively for other key and essential workers. By being sensible and working together, we will make it through these challenging times.\u00e2\u20ac\u0165<\/p>\n\n\n\n<div style=\"height:50px\" aria-hidden=\"true\" class=\"wp-block-spacer\"><\/div>\n\n\n\n<p><strong><em>Wirral refuse workers stop work due to coronavirus health fears<\/em><\/strong><\/p>\n\n\n\n<p>Members of Unite employed by Biffa Waste Services employed on Wirral council\u00e2\u20ac\u2122s outsourced refuse collection contract, have today (Tuesday 7 April) refused to work due to coronavirus health fears \u00e2\u20ac\u201c joining others in recent weeks such as <a href=\"http:\/\/unitelive.org\/covid-19-food-production-walk-out\/\">food production workers <\/a>in standing up to their employers who are not taking health and safety seriously.<\/p>\n\n\n\n<div style=\"height:50px\" aria-hidden=\"true\" class=\"wp-block-spacer\"><\/div>\n\n\n\n<p>The workers have for over a fortnight been demanding that Biffa introduces strict social distancing measures to help ensure the workforce is not exposed to the coronavirus.<\/p>\n\n\n\n<div style=\"height:50px\" aria-hidden=\"true\" class=\"wp-block-spacer\"><\/div>\n\n\n\n<p>Biffa has failed to take the workforce&#8217;s concerns seriously, and is still instructing workers of up to three crew members to share a cab on refuse rounds.<\/p>\n\n\n\n<div style=\"height:50px\" aria-hidden=\"true\" class=\"wp-block-spacer\"><\/div>\n\n\n\n<p>The attitude of Biffa on the Wirral is at odds with the measures taken on other contracts, including by Newham council in London initially leading the way in introducing measures to ensure workers socially distance, followed by other councils and private contractors.<\/p>\n\n\n\n<div style=\"height:50px\" aria-hidden=\"true\" class=\"wp-block-spacer\"><\/div>\n\n\n\n<p>Unite regional officer Steven Gerrard said, \u00e2\u20ac\u015bFor over a fortnight Unite has been trying to ensure that Biffa introduced measures to protect our members and they have failed to do so. We have been calling for an urgent meeting to find a safe workable solution to our member\u00e2\u20ac\u2122s health concerns, but these calls have been ignored.<\/p>\n\n\n\n<div style=\"height:50px\" aria-hidden=\"true\" class=\"wp-block-spacer\"><\/div>\n\n\n\n<p>\u00e2\u20ac\u015bOur members have informed us that enough is enough and they will not continue to have their health and the health of their families placed at needless risk.<\/p>\n\n\n\n<div style=\"height:50px\" aria-hidden=\"true\" class=\"wp-block-spacer\"><\/div>\n\n\n\n<p>\u00e2\u20ac\u015bResidents of the Wirral will be alarmed that their refuse workers, who are playing a key worker role, are being treated with such disregard.<\/p>\n\n\n\n<div style=\"height:50px\" aria-hidden=\"true\" class=\"wp-block-spacer\"><\/div>\n\n\n\n<p>\u00e2\u20ac\u015bOther councils and contractors have introduced measures to ensure social distancing, it is not rocket science and Biffa must take immediate measures to ensure the safety of its workforce.\u00e2\u20ac\u0165<\/p>\n\n\n\n<div style=\"height:50px\" aria-hidden=\"true\" class=\"wp-block-spacer\"><\/div>\n\n\n\n<p>The walkout today is entirely unconnected to the separate ongoing pay dispute.<\/p>\n\n\n\n<div style=\"height:50px\" aria-hidden=\"true\" class=\"wp-block-spacer\"><\/div>\n\n\n\n<p><strong><em>Balfour Beatty must delay redundancies and furlough workers<\/em><\/strong><\/p>\n\n\n\n<p>Balfour Beatty must furlough workers at its Cross Rail site in Whitechapel, London, instead of carrying on with the redundancy process in the midst of the coronavirus outbreak, Unite said today (April 7).<\/p>\n\n\n\n<div style=\"height:20px\" aria-hidden=\"true\" class=\"wp-block-spacer\"><\/div>\n\n\n\n<p>The union said the building giant\u00e2\u20ac\u2122s decision to begin redundancy consultations with around 30 construction workers this week, instead of including them under the furlough scheme until the end of the lockdown period, was \u00e2\u20ac\u0098cruel\u00e2\u20ac\u2122.<\/p>\n\n\n\n<div style=\"height:50px\" aria-hidden=\"true\" class=\"wp-block-spacer\"><\/div>\n\n\n\n<p>The redundancies were planned before coronavirus crisis began. However, Unite said that it is \u00e2\u20ac\u0098very possible\u00e2\u20ac\u2122 the workers will need to be taken back on after it has passed, because of the volatilities in the labour market that will follow in the wake of the emergency.<\/p>\n\n\n\n<div style=\"height:50px\" aria-hidden=\"true\" class=\"wp-block-spacer\"><\/div>\n\n\n\n<p>Unite also rubbished Balfour Beatty\u00e2\u20ac\u2122s \u00e2\u20ac\u0098excuse that it does not want to seem to be taking advantage of the job retention scheme\u00e2\u20ac\u2122 as a reason for not keeping the workers on the books.<\/p>\n\n\n\n<div style=\"height:50px\" aria-hidden=\"true\" class=\"wp-block-spacer\"><\/div>\n\n\n\n<p>Unite regional officer Mark Soave said, \u00e2\u20ac\u015bOur members are loyal and hardworking Balfour Beatty staff who are now facing the prospect of dire financial difficulties for themselves and their families during a pandemic.<\/p>\n\n\n\n<div style=\"height:50px\" aria-hidden=\"true\" class=\"wp-block-spacer\"><\/div>\n\n\n\n<p>\u00e2\u20ac\u015bThere is no reason for Balfour Beatty to cast them into penury on Universal Credit at such a dreadful time,\u00e2\u20ac\u0165 he added. \u00e2\u20ac\u015bIt is very possible they will be needed back on site after the lockdown has ended given the volatilities in the labour market that will follow in the wake of the coronavirus.<\/p>\n\n\n\n<div style=\"height:59px\" aria-hidden=\"true\" class=\"wp-block-spacer\"><\/div>\n\n\n\n<p>\u00e2\u20ac\u015bNor does Balfour Beatty\u00e2\u20ac\u2122s excuse that it does not want to seem to be taking advantage of the job retention scheme hold water.<\/p>\n\n\n\n<div style=\"height:50px\" aria-hidden=\"true\" class=\"wp-block-spacer\"><\/div>\n\n\n\n<p>\u00e2\u20ac\u015bClearly anyone with even a modicum of sense can see that registering these workers is the moral thing to do.<\/p>\n\n\n\n<div style=\"height:50px\" aria-hidden=\"true\" class=\"wp-block-spacer\"><\/div>\n\n\n\n<p>\u00e2\u20ac\u015bWe implore Balfour Beatty\u00e2\u20ac\u2122s management to think about the suffering they are going to cause these workers and their families and reverse this cruel decision.\u00e2\u20ac\u0165<\/p>\n\n\n\n<div style=\"height:50px\" aria-hidden=\"true\" class=\"wp-block-spacer\"><\/div>\n\n\n\n<p><strong><em>Unite secures \u00e2\u20ac\u0098excellent\u00e2\u20ac\u2122 furlough agreement for 13,000 Kuehne + Nagel staff<\/em><\/strong><\/p>\n\n\n\n<p>In a win for furloughing workers, Unite &nbsp;has secured an \u00e2\u20ac\u0098excellent\u00e2\u20ac\u2122 furlough agreement covering 13,000 Kuehne + Nagel staff that will see the logistics company top up payments workers receive under the government\u00e2\u20ac\u2122s job retention scheme.<\/p>\n\n\n\n<div style=\"height:50px\" aria-hidden=\"true\" class=\"wp-block-spacer\"><\/div>\n\n\n\n<p>&nbsp;Following negotiations with the union, Kuehne + Nagel will ensure that workers receive 100 per cent of their wages if they earn under \u00c2\u014120,000 and 90 per cent of their wages if they earn under \u00c2\u014130,000, Unite said today (Tuesday 7 April).&nbsp;<\/p>\n\n\n\n<div style=\"height:50px\" aria-hidden=\"true\" class=\"wp-block-spacer\"><\/div>\n\n\n\n<p>Under the job retention scheme, workers will receive 80 per cent of their wages, up to maximum of \u00c2\u01412,500 per month, from the government during the lockdown.<\/p>\n\n\n\n<div style=\"height:50px\" aria-hidden=\"true\" class=\"wp-block-spacer\"><\/div>\n\n\n\n<p>A sliding scale will be used by Kuehne + Nagel to top up the wages of staff earning between \u00c2\u014130,000 and \u00c2\u014140,000, with workers in this bracket receiving 86 per cent of their wages on average.&nbsp;<\/p>\n\n\n\n<div style=\"height:50px\" aria-hidden=\"true\" class=\"wp-block-spacer\"><\/div>\n\n\n\n<p>Employees also have the option to move onto food delivery contracts that are still operational to avoid being furloughed and retain their full pay packet.<\/p>\n\n\n\n<div style=\"height:50px\" aria-hidden=\"true\" class=\"wp-block-spacer\"><\/div>\n\n\n\n<p>The furlough agreement is particularly important for staff working in Kuehne + Nagel\u00e2\u20ac\u2122s food and drink logistics operations, where Unite has about 6,500 members, because deliveries to restaurants, pubs, cafes and hotels across the UK have stopped during the lockdown.<\/p>\n\n\n\n<div style=\"height:50px\" aria-hidden=\"true\" class=\"wp-block-spacer\"><\/div>\n\n\n\n<p>Unite national officer for food, drink and agriculture Joe Clarke said, \u00e2\u20ac\u015bThis is an excellent deal for our members at Kuehne + Nagel and indeed for all of the company\u00e2\u20ac\u2122s employees.<\/p>\n\n\n\n<div style=\"height:50px\" aria-hidden=\"true\" class=\"wp-block-spacer\"><\/div>\n\n\n\n<p>&nbsp;\u00e2\u20ac\u015bKuehne + Nagel staff, while still facing some wage reductions, can rest assured that they will be able to afford to pay their bills and feed their families during the lockdown,\u00e2\u20ac\u0165 he added.<\/p>\n\n\n\n<div style=\"height:50px\" aria-hidden=\"true\" class=\"wp-block-spacer\"><\/div>\n\n\n\n<p>\u00e2\u20ac\u015bFor those who still want to work and earn 100 per cent of their wages, the company is offering them the opportunity to move onto contracts that are still operational.<\/p>\n\n\n\n<div style=\"height:50px\" aria-hidden=\"true\" class=\"wp-block-spacer\"><\/div>\n\n\n\n<p>&nbsp;\u00e2\u20ac\u015bOver the past two weeks, Unite has worked closely with Kuehne + Nagel to get this furlough deal through. Other companies should take the lead from Kuehne + Nagel and make sure their staff are equally well looked after during this crisis.\u00e2\u20ac\u0165<\/p>\n\n\n\n<div style=\"height:50px\" aria-hidden=\"true\" class=\"wp-block-spacer\"><\/div>\n\n\n\n<p><strong><em>Unite Scotland welcomes furlough agreement for offshore catering workers<\/em><\/strong><\/p>\n\n\n\n<p>In yet another furlough victory, Unite Scotland has today (April 7) welcomed an agreement to furlough offshore catering workers during the COVID-19 pandemic. The Catering Offshore Trade Association (COTA) which covers around 2,750 workers involves seven offshore catering companies including Conntrak, ESS, Entier, Trinity, Aramark, Sodexo and Foss. COTA members deliver catering and ancillary services across installations in the UK Continental Shelf (UKCS).<\/p>\n\n\n\n<div style=\"height:50px\" aria-hidden=\"true\" class=\"wp-block-spacer\"><\/div>\n\n\n\n<p>The COTA companies will implement the Government Job Retention Scheme and will pay those individuals who are furloughed in line with the scheme. The Government scheme provides that individuals are paid 80% of wages up to a maximum of \u00c2\u01412,500 per month effective from 1 March 2020 for a three-month period.<\/p>\n\n\n\n<div style=\"height:50px\" aria-hidden=\"true\" class=\"wp-block-spacer\"><\/div>\n\n\n\n<p>The COTA furlough agreement will include those who are temporarily down-manned; those who are \u00e2\u20ac\u0098shielding\u00e2\u20ac\u2122 in line with public health guidance or those due to being \u00e2\u20ac\u0098high risk\u00e2\u20ac\u2122 and therefore should not work offshore during the COVID-19 Pandemic; and individuals who are employed as \u00e2\u20ac\u0098ad-hoc\u00e2\u20ac\u2122 who have not worked in the last three-months and who are not able to work in the forthcoming three-months where no work is envisioned for this period.&nbsp;<\/p>\n\n\n\n<div style=\"height:50px\" aria-hidden=\"true\" class=\"wp-block-spacer\"><\/div>\n\n\n\n<p>The country\u00e2\u20ac\u2122s leading offshore trade union also last week welcomed a Supplementary Project Agreement (SPA) for those workers covered by the Offshore Contractors Partnership Agreement (OCPA). The SPA will ensure Unite\u00e2\u20ac\u2122s members at risk of redundancy or lay off, and those recently made redundant, can benefit from the UK Government Job Retention Scheme. It will also protect those with underlying health problems that have been told to &#8216;shield&#8217; themselves.<\/p>\n\n\n\n<div style=\"height:50px\" aria-hidden=\"true\" class=\"wp-block-spacer\"><\/div>\n\n\n\n<p>Shauna Wright, Unite regional industrial officer, said, \u00e2\u20ac\u015bUnite Scotland is delighted that all COTA companies in the North Sea have decided to implement the government furlough retention scheme, which we have been campaigning for across all the offshore sector. The agreement will relieve the fear and anxiety for hundreds of our members providing catering and ancillary services offshore as their jobs are safe and it will also reduce the financial hardship which a redundancy situation would bring at this time.\u00e2\u20ac\u0165<\/p>\n\n\n\n<div style=\"height:50px\" aria-hidden=\"true\" class=\"wp-block-spacer\"><\/div>\n\n\n\n<p><strong><em>Unite applauds Welsh government for action to strengthen social distancing<\/em><\/strong><\/p>\n\n\n\n<p>While fighting and winning for its members in individual workplaces throughout the UK, the union is also fighting for all workers on the political stage as well by lobbying governments, including devolved governments to do the right thing.<\/p>\n\n\n\n<div style=\"height:50px\" aria-hidden=\"true\" class=\"wp-block-spacer\"><\/div>\n\n\n\n<p>Today (April 7) Unite welcomed the introduction by the Welsh government of new legislation in Wales regarding social distancing during the coronavirus crisis.<\/p>\n\n\n\n<div style=\"height:50px\" aria-hidden=\"true\" class=\"wp-block-spacer\"><\/div>\n\n\n\n<p>Under the new law, employers in Wales now have to put &#8216;reasonable measures&#8217; in place to ensure two metres distance between workers, with the Welsh government the first within the UK to take such action.<\/p>\n\n\n\n<div style=\"height:50px\" aria-hidden=\"true\" class=\"wp-block-spacer\"><\/div>\n\n\n\n<p>The law &#8211; which is not an out-and-out ban on workers being closer than the social distancing guidelines in all workplaces &#8211; will be self-policing. Workers, along with their trade unions, will report where there is a failure to put the reasonable measures in place with fines to employers of \u00c2\u014160 for the first offence, reducing to \u00c2\u014130 if paid within 14 days. Second offences and further breaches will see employers hit with a \u00c2\u0141120 fine.<\/p>\n\n\n\n<div style=\"height:50px\" aria-hidden=\"true\" class=\"wp-block-spacer\"><\/div>\n\n\n\n<p>Commenting, Peter Hughes, Unite Wales regional secretary, said, &#8220;Unite in Wales applauds this move. We have been repeatedly raising our members&#8217; safety concerns during this health crisis, and airing our fears that some employers are not respecting the two metres distance, so it is good that the Welsh government is listening.&nbsp;<\/p>\n\n\n\n<div style=\"height:50px\" aria-hidden=\"true\" class=\"wp-block-spacer\"><\/div>\n\n\n\n<p>&#8220;We hope that employers will understand the intention behind this law and act now to take every possible step to keep workers safe at work, rather than wait to be hit by a fine.<\/p>\n\n\n\n<div style=\"height:50px\" aria-hidden=\"true\" class=\"wp-block-spacer\"><\/div>\n\n\n\n<p>&#8220;Unite will work with our members to promote this new law and with employers to ensure that they adhere to these new regulations.&#8221;<\/p>\n\n\n\n<div style=\"height:50px\" aria-hidden=\"true\" class=\"wp-block-spacer\"><\/div>\n\n\n\n<p>Howard Beckett, Unite&#8217;s assistant general secretary for legal affairs, added, &#8220;This law will send a clear signal to bosses that they are now required by law to put their workers&#8217; safety first.\u00c2\u00a0<\/p>\n\n\n\n<div style=\"height:50px\" aria-hidden=\"true\" class=\"wp-block-spacer\"><\/div>\n\n\n\n<p>&nbsp;&#8220;Our members are putting themselves on the line to keep public services and businesses functioning during these extraordinary times, so we say to employers, keep them safe, provide them with the protective and sanitation equipment they need, or find yourselves in legal conflict with Unite because we have vowed to do whatever it takes to keep our members safe.&#8221;<\/p>\n\n\n\n<div style=\"height:50px\" aria-hidden=\"true\" class=\"wp-block-spacer\"><\/div>\n\n\n\n<p><strong>Northern Ireland Executive must introduce strict enforcement<\/strong><\/p>\n\n\n\n<p>Unite in Northern Ireland has asserted that drivers won\u00e2\u20ac\u2122t become collateral damage when protections are flouted by employers more focussed on profiting from the current crisis.<\/p>\n\n\n\n<div style=\"height:50px\" aria-hidden=\"true\" class=\"wp-block-spacer\"><\/div>\n\n\n\n<p>Unite regional officer George Brash called on the Northern Ireland Executive to introduce legislation to ensure strict enforcement of health and safety infection control guidance for road transport workers.<\/p>\n\n\n\n<div style=\"height:50px\" aria-hidden=\"true\" class=\"wp-block-spacer\"><\/div>\n\n\n\n<p>&#8220;We need to see urgent action from Ministers to secure the health and safety of road transport drivers. That must mean legislation to strictly enforce the Public Health Agency (PHA) Covid-19 guidelines on companies who employ drivers to deliver non-essential goods to domestic premises or who drive heavy goods vehicle to transport essential food supplies to stores,<\/p>\n\n\n\n<div style=\"height:50px\" aria-hidden=\"true\" class=\"wp-block-spacer\"><\/div>\n\n\n\n<p>\u00e2\u20ac\u015bDrivers are entitled to the same protections afforded to other essential workers. They are on the frontline and our union will not allow them to become collateral damage to bosses who flout PHA guidance in order to make more profit from the current crisis.\u00e2\u20ac\u0165<\/p>\n\n\n\n<div style=\"height:50px\" aria-hidden=\"true\" class=\"wp-block-spacer\"><\/div>\n\n\n\n<p>\u00c2\u00a0\u00e2\u20ac\u015bThe enforcement of strict workplace cleansing is one of the biggest concerns we are hearing back from drivers who are expected to get into cabs not knowing whether the previous occupant is in self-isolation or if a thoroughgoing internal cleaning has taken place. Cost should not, and cannot, be a factor when it comes to the health and safety of workers.\u00e2\u20ac\u0165<\/p>\n\n\n\n<div style=\"height:50px\" aria-hidden=\"true\" class=\"wp-block-spacer\"><\/div>\n\n\n\n<p><strong><em>Keep in touch<\/em><\/strong><\/p>\n\n\n\n<div style=\"height:50px\" aria-hidden=\"true\" class=\"wp-block-spacer\"><\/div>\n\n\n\n<p>If you\u00e2\u20ac\u2122ve been affected by the virus and want to tell us about it then let us know. We\u00e2\u20ac\u2122re especially interested if you have any positive news, especially if you\u00e2\u20ac\u2122ve been helping or have been helped by others. Contact us at unitelive@unitetheunion.org<\/p>\n\n\n\n<div style=\"height:50px\" aria-hidden=\"true\" class=\"wp-block-spacer\"><\/div>\n\n\n\n<p>You can also visit our website page for more advice and our membership helpline for vulnerable members<\/p>\n\n\n\n<div style=\"height:50px\" aria-hidden=\"true\" class=\"wp-block-spacer\"><\/div>\n\n\n\n<p>Stay tuned to unitelive.org for the news as it happens<\/p>\n","protected":false},"excerpt":{"rendered":"<p>In our latest coronavirus news round-up on Tuesday (April 7), UniteLive highlighted how the potential collapse of hospice charity Sue Ryder was only the \u00e2\u20ac\u0098tip of the iceberg\u00e2\u20ac\u2122 as charities across the UK face a funding crisis without government support. \u00e2\u20ac\u015bThe closure of the Sue Ryder hospices would be a national tragedy, but sadly, this [&hellip;]<\/p>\n","protected":false},"author":2,"featured_media":20367,"comment_status":"closed","ping_status":"closed","sticky":false,"template":"","format":"standard","meta":[],"categories":[1308,1],"tags":[1295],"wps_subtitle":"Read all the latest UniteLive news on the coronavirus epidemic","_links":{"self":[{"href":"https:\/\/unitelive.test.igniteamt.com\/index.php?rest_route=\/wp\/v2\/posts\/20480"}],"collection":[{"href":"https:\/\/unitelive.test.igniteamt.com\/index.php?rest_route=\/wp\/v2\/posts"}],"about":[{"href":"https:\/\/unitelive.test.igniteamt.com\/index.php?rest_route=\/wp\/v2\/types\/post"}],"author":[{"embeddable":true,"href":"https:\/\/unitelive.test.igniteamt.com\/index.php?rest_route=\/wp\/v2\/users\/2"}],"replies":[{"embeddable":true,"href":"https:\/\/unitelive.test.igniteamt.com\/index.php?rest_route=%2Fwp%2Fv2%2Fcomments&post=20480"}],"version-history":[{"count":6,"href":"https:\/\/unitelive.test.igniteamt.com\/index.php?rest_route=\/wp\/v2\/posts\/20480\/revisions"}],"predecessor-version":[{"id":20491,"href":"https:\/\/unitelive.test.igniteamt.com\/index.php?rest_route=\/wp\/v2\/posts\/20480\/revisions\/20491"}],"wp:featuredmedia":[{"embeddable":true,"href":"https:\/\/unitelive.test.igniteamt.com\/index.php?rest_route=\/wp\/v2\/media\/20367"}],"wp:attachment":[{"href":"https:\/\/unitelive.test.igniteamt.com\/index.php?rest_route=%2Fwp%2Fv2%2Fmedia&parent=20480"}],"wp:term":[{"taxonomy":"category","embeddable":true,"href":"https:\/\/unitelive.test.igniteamt.com\/index.php?rest_route=%2Fwp%2Fv2%2Fcategories&post=20480"},{"taxonomy":"post_tag","embeddable":true,"href":"https:\/\/unitelive.test.igniteamt.com\/index.php?rest_route=%2Fwp%2Fv2%2Ftags&post=20480"}],"curies":[{"name":"wp","href":"https:\/\/api.w.org\/{rel}","templated":true}]}}