{"id":21925,"date":"2020-06-04T16:38:08","date_gmt":"2020-06-04T15:38:08","guid":{"rendered":"https:\/\/unitelive.org\/?p=21925"},"modified":"2020-06-04T16:38:08","modified_gmt":"2020-06-04T15:38:08","slug":"oxfam-jobs-under-threat","status":"publish","type":"post","link":"https:\/\/unitelive.test.igniteamt.com\/?p=21925","title":{"rendered":"Oxfam jobs under threat"},"content":{"rendered":"<div id=\"fb-root\"><\/div>\n\n<p>More than 200 jobs at Oxfam\u00e2\u20ac\u2122s headquarters in Oxford could be under threat after the charity\u00e2\u20ac\u2122s fundraising nosedived amid the coronavirus pandemic.<\/p>\n\n\n\n<p>Oxfam was due to start the 45-day consultation process on redundancies at its Oxford headquarters on Wednesday (June 4) when it is believed that a third of the 800 staff could be at risk.<\/p>\n\n\n\n<p>The fate of jobs in other offices, as well as in one warehouse in Bicester which supplies such vital equipment as water tanks, is as yet unknown.<\/p>\n\n\n\n<p>Unite said that the coronavirus funding crisis was the last straw in a series of poor management decisions in recent years, which has been compounded by losses running at an estimated \u00c2\u01415 million a month as more than 600 of its charity shops are closed.<\/p>\n\n\n\n<p>About 1,000 people work in Oxfam shops, some of whom are volunteers. It is understood that people employed in Oxfam shops currently closed amid the pandemic are not affected by the latest job loss announcement at this time.<\/p>\n\n\n\n<p>Unite, which has about 400 members at the charity founded in 1942, called for a voluntary redundancy programme to be implemented, rather than swingeing compulsory job losses.<\/p>\n\n\n\n<p>Unite renewed its call for the government to be more generous in its support generally for the not for profit sector which, it says, needs a \u00c2\u01414 billion support package. So far, ministers have provided \u00c2\u0141750 million in April with the promise of a further \u00c2\u0141150 million from bank accounts lying dormant.<\/p>\n\n\n\n<p>Unite regional officer Jesika Parmar said, \u00e2\u20ac\u015bThe threatened job losses at Oxfam are a tragedy in the global fight against poverty. Many people don\u00e2\u20ac\u2122t realise the extent that Oxfam is a world leader in public health, with dedicated staff who risked their lives to defeat the Ebola outbreaks.<\/p>\n\n\n\n<p>\u00e2\u20ac\u015bWithout the necessary funding, Oxfam won\u00e2\u20ac\u2122t be unable to expand its desperately needed coronavirus work to save thousands of lives across the world,\u00e2\u20ac\u0165 she added.<\/p>\n\n\n\n<p>\u00e2\u20ac\u015bUnfortunately, despite the ground breaking work over 70 years that Oxfam has done, our members have lost confidence in senior management. The financial crisis due to Covid-19 has been exacerbated by mismanagement over recent years.&nbsp;<\/p>\n\n\n\n<p>\u00e2\u20ac\u015bOxfam\u00e2\u20ac\u2122s directors have refused our requests to open a voluntary redundancy register; to furlough all staff who were made redundant in the last few months; or suspend the redundancy consultation during furlough. Oxfam should not be making redundancies while it can still use funding from the job retention scheme (JRS) to pay for 80 per cent of wages,\u00e2\u20ac\u0165 Parmar went on to say.<\/p>\n\n\n\n<p>\u00e2\u20ac\u015bYet, they decided to keep on two directors who had already resigned and are advertising externally for roles that could be filled internally.<\/p>\n\n\n\n<p>\u00e2\u20ac\u015bOxfam practices high ethical values and we suggest that these values should also be applied to its own employees, if it wishes to retain the moral high ground when it talks to governments worldwide.<\/p>\n\n\n\n<p>\u00e2\u20ac\u015bWe want Oxfam to use natural wastage and voluntary redundancy as we believe this will be much less expensive and ensure that cover for all necessary areas continues.\u00e2\u20ac\u0165<\/p>\n\n\n\n<p>Unite national officer for the not for profit sector Siobhan Endean called on Oxfam to rethink their decision.<\/p>\n\n\n\n<p>\u00e2\u20ac\u015bOxfam needs to reverse this callous decision to sack a third of its staff during the global pandemic when staff will have no hope of finding new jobs,\u00e2\u20ac\u0165 she said.<\/p>\n\n\n\n<p>\u00e2\u20ac\u015bThe government urgently needs to provide dedicated funding for international aid organisations.<\/p>\n\n\n\n<p>\u00e2\u20ac\u015bWhat is happening at Oxfam is, sadly, being replicated across UK charities, as funding is drying up due to coronavirus, and pushing many to the brink of closure at a time when we need a global humanitarian response to the crisis.\u00e2\u20ac\u0165<\/p>\n\n\n\n<p><em><strong>By Shaun Noble<\/strong><\/em><\/p>\n","protected":false},"excerpt":{"rendered":"<p>More than 200 jobs at Oxfam\u00e2\u20ac\u2122s headquarters in Oxford could be under threat after the charity\u00e2\u20ac\u2122s fundraising nosedived amid the coronavirus pandemic. Oxfam was due to start the 45-day consultation process on redundancies at its Oxford headquarters on Wednesday (June 4) when it is believed that a third of the 800 staff could be at [&hellip;]<\/p>\n","protected":false},"author":2,"featured_media":15250,"comment_status":"closed","ping_status":"closed","sticky":false,"template":"","format":"standard","meta":[],"categories":[1308,1],"tags":[490,1295],"wps_subtitle":"Oxfam job losses 'a tragedy in global fight against poverty'","_links":{"self":[{"href":"https:\/\/unitelive.test.igniteamt.com\/index.php?rest_route=\/wp\/v2\/posts\/21925"}],"collection":[{"href":"https:\/\/unitelive.test.igniteamt.com\/index.php?rest_route=\/wp\/v2\/posts"}],"about":[{"href":"https:\/\/unitelive.test.igniteamt.com\/index.php?rest_route=\/wp\/v2\/types\/post"}],"author":[{"embeddable":true,"href":"https:\/\/unitelive.test.igniteamt.com\/index.php?rest_route=\/wp\/v2\/users\/2"}],"replies":[{"embeddable":true,"href":"https:\/\/unitelive.test.igniteamt.com\/index.php?rest_route=%2Fwp%2Fv2%2Fcomments&post=21925"}],"version-history":[{"count":2,"href":"https:\/\/unitelive.test.igniteamt.com\/index.php?rest_route=\/wp\/v2\/posts\/21925\/revisions"}],"predecessor-version":[{"id":21927,"href":"https:\/\/unitelive.test.igniteamt.com\/index.php?rest_route=\/wp\/v2\/posts\/21925\/revisions\/21927"}],"wp:featuredmedia":[{"embeddable":true,"href":"https:\/\/unitelive.test.igniteamt.com\/index.php?rest_route=\/wp\/v2\/media\/15250"}],"wp:attachment":[{"href":"https:\/\/unitelive.test.igniteamt.com\/index.php?rest_route=%2Fwp%2Fv2%2Fmedia&parent=21925"}],"wp:term":[{"taxonomy":"category","embeddable":true,"href":"https:\/\/unitelive.test.igniteamt.com\/index.php?rest_route=%2Fwp%2Fv2%2Fcategories&post=21925"},{"taxonomy":"post_tag","embeddable":true,"href":"https:\/\/unitelive.test.igniteamt.com\/index.php?rest_route=%2Fwp%2Fv2%2Ftags&post=21925"}],"curies":[{"name":"wp","href":"https:\/\/api.w.org\/{rel}","templated":true}]}}