{"id":22770,"date":"2020-07-17T12:38:06","date_gmt":"2020-07-17T11:38:06","guid":{"rendered":"https:\/\/unitelive.org\/?p=22770"},"modified":"2020-07-17T12:38:07","modified_gmt":"2020-07-17T11:38:07","slug":"heroes-and-zeroes-14","status":"publish","type":"post","link":"https:\/\/unitelive.test.igniteamt.com\/?p=22770","title":{"rendered":"Heroes and zeroes"},"content":{"rendered":"<div id=\"fb-root\"><\/div>\n\n<p>Every Friday here on UniteLIVE we bring you the latest heroes &#8211; those who are keeping the country going through a devastating time &#8211; and the zeroes, those who are failing the just when we need them most. Here are this week&#8217;s latest:<\/p>\n\n\n\n<p><strong><em>HEROES<\/em><\/strong><\/p>\n\n\n\n<p><strong><em>Tolpuddle Martyrs&#8217; Festival organisers and attendees<\/em><\/strong><\/p>\n\n\n\n<p>For the first time in decades, the Tolpuddle Martyrs&#8217; Festival, held every July in Dorset, was cancelled this year due to the Covid-19 pandemic. <\/p>\n\n\n\n<p>But those organising the Festival &#8211; which commemorates one of the first instances of trade unionism in the UK &#8211; were not going to let the present challenges stop them from allowing the show to &#8211; in at least some form &#8211; go on. <\/p>\n\n\n\n<p>This weekened, the Toldpuddle Martyrs&#8217; Festival will be held online and streamed on Facebook and YouTube. <\/p>\n\n\n\n<p>Commenting, festival organiser and regional secretary of the TUC South West Nigel Costley said, \u00e2\u20ac\u015bTolpuddle has always been more than simply music and politics. It\u00e2\u20ac\u2122s a gathering of like-minded people, a joyous celebration of trade union solidarity \u00e2\u20ac\u201c&nbsp;and that\u00e2\u20ac\u2122s what we\u00e2\u20ac\u2122re hoping to reflect online.<\/p>\n\n\n\n<p>\u00e2\u20ac\u015bWe have a full programme of topical debates, a full programme of films and a full programme of music ranging from those who would have played this year\u00e2\u20ac\u2122s event to those who we welcome back from previous festivals \u00e2\u20ac\u201c&nbsp;all performing exclusive sets for us.&#8221;<\/p>\n\n\n\n<p>&#8220;Keep an eye on the Facebook page for announcements of speakers and artists,&#8221; he added. \u00e2\u20ac\u015bWe have some special surprises in store.&#8221;<\/p>\n\n\n\n<p>Find out more about how you can attend this year&#8217;s virtual Tolpuddle festival in our full story here, and watch the video below for a special message from Unite general secretary Len McCluskey. <\/p>\n\n\n\n<figure class=\"wp-block-embed-youtube wp-block-embed is-type-video is-provider-youtube wp-embed-aspect-16-9 wp-has-aspect-ratio\"><div class=\"wp-block-embed__wrapper\">\n<iframe loading=\"lazy\" title=\"Celebrate our proud rural trade union history\" width=\"640\" height=\"360\" src=\"https:\/\/www.youtube.com\/embed\/5tV1_s8aK1M?feature=oembed\" frameborder=\"0\" allow=\"accelerometer; autoplay; encrypted-media; gyroscope; picture-in-picture\" allowfullscreen><\/iframe>\n<\/div><\/figure>\n\n\n\n<p><strong><em>Labour leader Keir Starmer &#8211; for standing up for BA staff<\/em><\/strong><\/p>\n\n\n\n<p>British Airways workers and their supporters were delighted to see prime minister Boris Johnson this week grilled by Labour leader Keir Starmer over the airline\u00e2\u20ac\u2122s appalling fire and rehire plans, which would mean 30,000 workers will see their pay and conditions torn to shreds, while another 12,000 are to be permanently sacked.<\/p>\n\n\n\n<p>As Unite has ramped up its #BABetrayal campaign, Starmer raised the plight of British Airways\u00e2\u20ac\u2122 workers at PMQs, and called on the prime minister to act \u00e2\u20ac\u201c by withdrawing valuable landing slots from BA until they agree to reverse their plans.<\/p>\n\n\n\n<p>\u00e2\u20ac\u015bI want to press the Prime Minister further on the situation at BA \u00e2\u20ac\u201c a huge employer and the national flag carrier,\u00e2\u20ac\u0165 Starmer said at PMQs. \u00e2\u20ac\u015bAlongside the 12,000 redundancies already announced, BA is trying to force through the rehiring of the remaining 30,000 workers on worse terms and conditions. That\u00e2\u20ac\u2122s totally unacceptable and it\u00e2\u20ac\u2122s a warning shot to millions of other working people.\u00e2\u20ac\u0165<\/p>\n\n\n\n<p>You can watch the fiery exchange in the video below and you can read our <a href=\"https:\/\/unitelive.org\/pm-grilled-over-british-airways-fire-and-rehire-plans\/\">full story here<\/a>:<\/p>\n\n\n\n<figure class=\"wp-block-embed-youtube wp-block-embed is-type-video is-provider-youtube wp-embed-aspect-16-9 wp-has-aspect-ratio\"><div class=\"wp-block-embed__wrapper\">\n<iframe loading=\"lazy\" title=\"BA betrayal\" width=\"640\" height=\"360\" src=\"https:\/\/www.youtube.com\/embed\/jq_6TXiBq0U?feature=oembed\" frameborder=\"0\" allow=\"accelerometer; autoplay; encrypted-media; gyroscope; picture-in-picture\" allowfullscreen><\/iframe>\n<\/div><\/figure>\n\n\n\n<p><strong><em>Unite health and safety team <\/em><\/strong><\/p>\n\n\n\n<p>Thanks to diligent work from Unite&#8217;s health and safety team, as well as other Unite staff, the union now has Unite-branded face coverings, which comply with World Health Organisation (WHO) guidelines, available for sale on pre-order. <\/p>\n\n\n\n<p>They&#8217;ll come in handy especially now that the government has mandated people in England wear face coverings in shops from July 24, following on from making them mandatory on public transport in June. <\/p>\n\n\n\n<p>Highlighting the new Unite-branded face coverings now available on pre-order, Miguel said, \u00e2\u20ac\u015bWe spent a significant amount of time with the designers of the face coverings to ensure that the materials and construction are compliant with World Health Organisation (WHO) manufacturing guidelines.\u00e2\u20ac\u0165<\/p>\n\n\n\n<p>\u00e2\u20ac\u015bThe Unite face coverings have three layers. The outer layer is hydrophobic, or water resistant, and is made with polyster and lycra. The nonwoven middle outer layer is spunbonded polypropylene while the inner layer is 100 per cent cotton. This allows for good filtration and people who purchase the face coverings can be confident that they\u00e2\u20ac\u2122re effective as source control coverings.\u00e2\u20ac\u0165<\/p>\n\n\n\n<p>You can find out more about <a href=\"https:\/\/unitelive.org\/be-smart-wear-a-unite-branded-face-covering\/\">Unite&#8217;s face coverings and how you can order one in our full story here. <\/a><\/p>\n\n\n\n<figure class=\"wp-block-image size-large\"><img loading=\"lazy\" width=\"1200\" height=\"539\" src=\"https:\/\/unitelive.org\/wp-content\/uploads\/2020\/07\/face-covering-2-2.jpg\" alt=\"\" class=\"wp-image-22717\"\/><\/figure>\n\n\n\n<p><strong><em>ZEROES<\/em><\/strong><\/p>\n\n\n\n<p><strong><em>Chancellor Rishi Sunak<\/em><\/strong><\/p>\n\n\n\n<p>Chancellor Rishi Sunak has again earned the distinction of being on our zeroes list. Last week, we pulled up the chancellor after he failed in his summer statement to provide the level of support required for the millions of people whose jobs are now at risk, and the major industries in the UK that now face imminent collapse. <\/p>\n\n\n\n<p>This week, Sunak is in the spotlight again after it emerged that his \u00c2\u014130bn Covid-19 response package has merely recycled \u00c2\u014110bn of spending from other projects already announced.<\/p>\n\n\n\n<p><a href=\"https:\/\/www.ifs.org.uk\/publications\/14938\">The Institute for Fiscal Studies (IFS) highlighted this week<\/a>that up to a third of the \u00c2\u014130bn \u00e2\u20ac\u0098Plan for Jobs\u00e2\u20ac\u2122 package, which included job and apprenticeship creation schemes among other measures, is money that was already earmarked for government spending.<\/p>\n\n\n\n<p>The IFS was extremely critical of the government\u00e2\u20ac\u2122s lack of transparency over the financial support package, with IFS associate director David Phillips noting, \u00e2\u20ac\u015bIt makes scrutiny of plans more difficult and is corrosive to trust. While governments of all stripes will, of course, want to follow the adage of \u00e2\u20ac\u0098repetition, repetition, repetition\u00e2\u20ac\u2122 when it comes to highlighting the goodies they are funding, official policy documents should also be clear about when and where spending is expected to be lower than previously planned too.\u00e2\u20ac\u0165<\/p>\n\n\n\n<p>It&#8217;s not just us here at UniteLIVE who believe Sunak&#8217;s summer statement was sorely lacking &#8211; Unite has also commissioned a major poll published this week which found overwhelmingly negative public attitudes to his Covid-19 support package.<\/p>\n\n\n\n<p>You can read our <a href=\"https:\/\/unitelive.org\/uk-payrolls-dwindle-by-640000-under-lockdown\/\">full story here. <\/a><\/p>\n\n\n<blockquote class=\"twitter-tweet\">\n<p lang=\"en\" dir=\"ltr\">Confirmed. No new money for jobs from <a href=\"https:\/\/twitter.com\/RishiSunak?ref_src=twsrc%5Etfw\">@RishiSunak<\/a> <\/p>\n<p>Remember, our poll found half of voters believe his job retention bonus fails the industries most in need of support. Almost half said it doesn&#8217;t go far enough to safeguard jobs.<a href=\"https:\/\/twitter.com\/hashtag\/SaveUKJobs?src=hash&amp;ref_src=twsrc%5Etfw\">#SaveUKJobs<\/a> <a href=\"https:\/\/t.co\/KMfBFCSBRm\">https:\/\/t.co\/KMfBFCSBRm<\/a><\/p>\n<p>\u00e2\u20ac\u201d Unite the union: join a union (@unitetheunion) <a href=\"https:\/\/twitter.com\/unitetheunion\/status\/1283729942757412864?ref_src=twsrc%5Etfw\">July 16, 2020<\/a><\/p>\n<\/blockquote>\n<p> <script async=\"\" src=\"https:\/\/platform.twitter.com\/widgets.js\" charset=\"utf-8\"><\/script><\/p>\n\n\n<p><\/p>\n\n\n\n<p><strong><em>Centrica<\/em><\/strong><\/p>\n\n\n\n<p>British Gas-owned Centrica has taken a leaf out of British Airways&#8217; book in its plan to &#8216;fire and rehire&#8217; 20,000 of its employees on potentially worse terms and conditions. <\/p>\n\n\n\n<p>Unite said it the latest example of organisations using the coronavirus emergency as a smokescreen to shed jobs, and erode pay and conditions of workers.<\/p>\n\n\n\n<p>Unite represents Centrica workers including electrical services\u00e2\u20ac\u2122 engineers, as well as those employed at power stations and at Centrica Storage Ltd.<\/p>\n\n\n\n<p>Unite regional officer Mark Pettifer said, &#8220;The notice that Centrica has given the trade unions that it is going to \u00e2\u20ac\u0098fire and rehire\u00e2\u20ac\u2122 its 20,000 staff on what, we believe, will be inferior pay and employment conditions is deplorable.<\/p>\n\n\n\n<p>\u00e2\u20ac\u015bIt is part of a disturbing trend where employers are using the pandemic to shed staff and erode employment conditions,&#8221; he added. <\/p>\n\n\n\n<p>\u00e2\u20ac\u015bCentrica is adopting the same tactics as BA and is using Covid-19 as a smokescreen to cut jobs of loyal and dedicated staff who have worked through the lockdown providing energy to the nation.<\/p>\n\n\n\n<p>\u00e2\u20ac\u015bCentrica has been in consultations with the unions for the last fortnight over its future plans and now in an act of bad faith unveils its \u00e2\u20ac\u0098fire and rehire\u00e2\u20ac\u2122 plans. It smacks of blackmail \u00e2\u20ac\u201c \u00e2\u20ac\u0098If you don\u00e2\u20ac\u2122t do what we want, we will issue notice of dismissals\u00e2\u20ac\u2122.&#8221;<\/p>\n\n\n<blockquote class=\"twitter-tweet\">\n<p lang=\"en\" dir=\"ltr\">Attempts by <a href=\"https:\/\/twitter.com\/centricaplc?ref_src=twsrc%5Etfw\">@centricaplc<\/a> to <a href=\"https:\/\/twitter.com\/hashtag\/fireandrehire?src=hash&amp;ref_src=twsrc%5Etfw\">#fireandrehire<\/a> 20k workers &#8220;part of a disturbing trend where employers are using the pandemic to shed staff and erode employment conditions&#8221; &#8211; Unite&#8217;s Mark Pettifer.<a href=\"https:\/\/t.co\/7dondvzyyl\">https:\/\/t.co\/7dondvzyyl<\/a><\/p>\n<p>\u00e2\u20ac\u201d Unite the union: join a union (@unitetheunion) <a href=\"https:\/\/twitter.com\/unitetheunion\/status\/1283762560500547585?ref_src=twsrc%5Etfw\">July 16, 2020<\/a><\/p>\n<\/blockquote>\n<p> <script async=\"\" src=\"https:\/\/platform.twitter.com\/widgets.js\" charset=\"utf-8\"><\/script><\/p>\n\n\n<p><strong><em>easyJet COO Peter Bellew<\/em><\/strong><\/p>\n\n\n\n<p>Unite has begun a ballot of no confidence in the company\u00e2\u20ac\u2122s Chief Operating Officer Peter Bellew.<\/p>\n\n\n\n<p>The ballot of Unite\u00e2\u20ac\u2122s membership at easyJet is in direct response to Mr Bellew\u00e2\u20ac\u2122s performance during the Covid-19 pandemic. The company is proposing to make around 1,290 cabin crew redundant as well as close its regional bases in Newcastle, Stansted and Southend.<\/p>\n\n\n\n<p>Unite\u00e2\u20ac\u2122s members are angry that while their&nbsp;jobs and incomes at the airline are under attack,&nbsp;easyJet paid \u00c2\u0141174m in dividends to shareholders&nbsp;at the start of the Covid-19 crisis.<\/p>\n\n\n\n<p>The company has also secured a government funded load of \u00c2\u0141600 million yet is pressing on with a large-scale cuts and closure programme.<\/p>\n\n\n\n<p>In addition to the proposed job losses and base closures, Unite members are angry at how Mr Bellew, who has recently arrived at easyJet from Ryanair has misjudged the start of the Covid-19 crisis by criticising the \u00e2\u20ac\u015bhype going on around the virus\u00e2\u20ac\u0165 and encouraging \u00e2\u20ac\u015bbusiness as usual\u00e2\u20ac\u0165.<\/p>\n\n\n\n<p>They has also criticised how he has attempted a \u00e2\u20ac\u0098smash and grab\u00e2\u20ac\u2122 of cabin crew pay, terms and conditions and has tried to bypass easyJet\u00e2\u20ac\u2122s recognised trade unions Unite and pilots\u00e2\u20ac\u2122 union BALPA, by proposing \u00e2\u20ac\u015bCoronavirus&nbsp;Co-operation agreements\u00e2\u20ac\u0165 directly to staff, who categorically rejected them.&nbsp;<\/p>\n\n\n\n<p>Regional officer for Unite Lindsey Olliver said,\u00e2\u20ac\u015bInitiating a vote of no confidence in a company\u00e2\u20ac\u2122s chief operating officer is not something Unite undertakes lightly but the strength of feeling among our members is overwhelming.<\/p>\n\n\n\n<p>\u00e2\u20ac\u015bOur members are angered by the scope of the company\u00e2\u20ac\u2122s proposals and the far-reaching impact this will have, not just on the individuals affected but on local communities whose livelihoods rely on work created by easyJet\u00e2\u20ac\u2122s continued operation in and out of the bases earmarked for closure.&#8221;<\/p>\n\n\n\n<p>Find out more in our <a href=\"https:\/\/unitelive.org\/vote-of-no-confidence-in-easyjet-executive\/\">full story here<\/a>. <\/p>\n\n\n<blockquote class=\"twitter-tweet\">\n<p lang=\"en\" dir=\"ltr\">Initiating a vote of no confidence in a company\u00e2\u20ac\u2122s chief operating officer is not something Unite undertakes lightly but the strength of feeling among our <a href=\"https:\/\/twitter.com\/easyJet?ref_src=twsrc%5Etfw\">@easyJet<\/a> members is overwhelming.<a href=\"https:\/\/t.co\/DHlArV6T7D\">https:\/\/t.co\/DHlArV6T7D<\/a><\/p>\n<p>\u00e2\u20ac\u201d Unite the union: join a union (@unitetheunion) <a href=\"https:\/\/twitter.com\/unitetheunion\/status\/1283433391631851522?ref_src=twsrc%5Etfw\">July 15, 2020<\/a><\/p>\n<\/blockquote>\n<p> <script async=\"\" src=\"https:\/\/platform.twitter.com\/widgets.js\" charset=\"utf-8\"><\/script><\/p>\n\n\n<p><strong><em>By Hajera Blagg<\/em><\/strong><\/p>\n","protected":false},"excerpt":{"rendered":"<p>Every Friday here on UniteLIVE we bring you the latest heroes &#8211; those who are keeping the country going through a devastating time &#8211; and the zeroes, those who are failing the just when we need them most. Here are this week&#8217;s latest: HEROES Tolpuddle Martyrs&#8217; Festival organisers and attendees For the first time in [&hellip;]<\/p>\n","protected":false},"author":2,"featured_media":20244,"comment_status":"closed","ping_status":"closed","sticky":false,"template":"","format":"standard","meta":[],"categories":[1308,17],"tags":[1338,1295,361,290,1328,1309,30],"wps_subtitle":"UniteLIVE highlights the latest heroes and zeroes amid the coronavirus pandemic","_links":{"self":[{"href":"https:\/\/unitelive.test.igniteamt.com\/index.php?rest_route=\/wp\/v2\/posts\/22770"}],"collection":[{"href":"https:\/\/unitelive.test.igniteamt.com\/index.php?rest_route=\/wp\/v2\/posts"}],"about":[{"href":"https:\/\/unitelive.test.igniteamt.com\/index.php?rest_route=\/wp\/v2\/types\/post"}],"author":[{"embeddable":true,"href":"https:\/\/unitelive.test.igniteamt.com\/index.php?rest_route=\/wp\/v2\/users\/2"}],"replies":[{"embeddable":true,"href":"https:\/\/unitelive.test.igniteamt.com\/index.php?rest_route=%2Fwp%2Fv2%2Fcomments&post=22770"}],"version-history":[{"count":5,"href":"https:\/\/unitelive.test.igniteamt.com\/index.php?rest_route=\/wp\/v2\/posts\/22770\/revisions"}],"predecessor-version":[{"id":22784,"href":"https:\/\/unitelive.test.igniteamt.com\/index.php?rest_route=\/wp\/v2\/posts\/22770\/revisions\/22784"}],"wp:featuredmedia":[{"embeddable":true,"href":"https:\/\/unitelive.test.igniteamt.com\/index.php?rest_route=\/wp\/v2\/media\/20244"}],"wp:attachment":[{"href":"https:\/\/unitelive.test.igniteamt.com\/index.php?rest_route=%2Fwp%2Fv2%2Fmedia&parent=22770"}],"wp:term":[{"taxonomy":"category","embeddable":true,"href":"https:\/\/unitelive.test.igniteamt.com\/index.php?rest_route=%2Fwp%2Fv2%2Fcategories&post=22770"},{"taxonomy":"post_tag","embeddable":true,"href":"https:\/\/unitelive.test.igniteamt.com\/index.php?rest_route=%2Fwp%2Fv2%2Ftags&post=22770"}],"curies":[{"name":"wp","href":"https:\/\/api.w.org\/{rel}","templated":true}]}}