{"id":26923,"date":"2020-12-09T11:40:21","date_gmt":"2020-12-09T11:40:21","guid":{"rendered":"https:\/\/unitelive.org\/?p=26923"},"modified":"2020-12-09T11:40:23","modified_gmt":"2020-12-09T11:40:23","slug":"join-our-universal-credit-campaign-call","status":"publish","type":"post","link":"https:\/\/unitelive.test.igniteamt.com\/?p=26923","title":{"rendered":"Join our Universal Credit campaign call"},"content":{"rendered":"<div id=\"fb-root\"><\/div>\n\n<p>Unite assistant general secretary Steve Turner today (December 9) calls on everyone to join Unite&#8217;s campaign to keep the \u00c2\u014120 increase in Universal Credit. <\/p>\n\n\n\n<p>The government has said it will scrap the temporary \u00c2\u014120 increase in April &#8211; this will send many families deeper into poverty.<\/p>\n\n\n\n<p>Steve&#8217;s call comes as Unite Community hosts an online day of action, with a special Facebook Live event this evening. Find out more in the video below:<\/p>\n\n\n\n<figure class=\"wp-block-embed-youtube wp-block-embed is-type-video is-provider-youtube wp-embed-aspect-16-9 wp-has-aspect-ratio\"><div class=\"wp-block-embed__wrapper\">\n<iframe loading=\"lazy\" title=\"Join our campaign for Universal Credit\" width=\"640\" height=\"360\" src=\"https:\/\/www.youtube.com\/embed\/EpBENkPlAWc?feature=oembed\" frameborder=\"0\" allow=\"accelerometer; autoplay; clipboard-write; encrypted-media; gyroscope; picture-in-picture\" allowfullscreen><\/iframe>\n<\/div><\/figure>\n\n\n\n<p><strong><em>Film by Martin Scanlon<\/em><\/strong><\/p>\n\n\n\n<p><em><strong>Don\u00e2\u20ac\u2122t miss Unite Community\u00e2\u20ac\u2122s Universal Credit Facebook live event this evening (December 9) at 6pm-7.15pm. Unite assistant general secretary Steve Turner will be speaking along with Mirror journalist and poverty campaigner Ros Wynn-Jones, Labour\u00e2\u20ac\u2122s Jonathan Reynolds MP and a benefit claimant.\u00c2\u00a0<a rel=\"noreferrer noopener\" href=\"https:\/\/fb.me\/e\/1Fzcz5LbH\" target=\"_blank\">Click to sign up here<\/a>.<\/strong><\/em><\/p>\n","protected":false},"excerpt":{"rendered":"<p>Unite assistant general secretary Steve Turner today (December 9) calls on everyone to join Unite&#8217;s campaign to keep the \u00c2\u014120 increase in Universal Credit. The government has said it will scrap the temporary \u00c2\u014120 increase in April &#8211; this will send many families deeper into poverty. Steve&#8217;s call comes as Unite Community hosts an online [&hellip;]<\/p>\n","protected":false},"author":2,"featured_media":26925,"comment_status":"closed","ping_status":"closed","sticky":false,"template":"","format":"standard","meta":[],"categories":[1308,24],"tags":[1295,603,462],"wps_subtitle":"Unite AGS Steve Turner: join us in our call to keep the \u00c2\u014120-a-week Universal Credit increase","_links":{"self":[{"href":"https:\/\/unitelive.test.igniteamt.com\/index.php?rest_route=\/wp\/v2\/posts\/26923"}],"collection":[{"href":"https:\/\/unitelive.test.igniteamt.com\/index.php?rest_route=\/wp\/v2\/posts"}],"about":[{"href":"https:\/\/unitelive.test.igniteamt.com\/index.php?rest_route=\/wp\/v2\/types\/post"}],"author":[{"embeddable":true,"href":"https:\/\/unitelive.test.igniteamt.com\/index.php?rest_route=\/wp\/v2\/users\/2"}],"replies":[{"embeddable":true,"href":"https:\/\/unitelive.test.igniteamt.com\/index.php?rest_route=%2Fwp%2Fv2%2Fcomments&post=26923"}],"version-history":[{"count":4,"href":"https:\/\/unitelive.test.igniteamt.com\/index.php?rest_route=\/wp\/v2\/posts\/26923\/revisions"}],"predecessor-version":[{"id":26929,"href":"https:\/\/unitelive.test.igniteamt.com\/index.php?rest_route=\/wp\/v2\/posts\/26923\/revisions\/26929"}],"wp:featuredmedia":[{"embeddable":true,"href":"https:\/\/unitelive.test.igniteamt.com\/index.php?rest_route=\/wp\/v2\/media\/26925"}],"wp:attachment":[{"href":"https:\/\/unitelive.test.igniteamt.com\/index.php?rest_route=%2Fwp%2Fv2%2Fmedia&parent=26923"}],"wp:term":[{"taxonomy":"category","embeddable":true,"href":"https:\/\/unitelive.test.igniteamt.com\/index.php?rest_route=%2Fwp%2Fv2%2Fcategories&post=26923"},{"taxonomy":"post_tag","embeddable":true,"href":"https:\/\/unitelive.test.igniteamt.com\/index.php?rest_route=%2Fwp%2Fv2%2Ftags&post=26923"}],"curies":[{"name":"wp","href":"https:\/\/api.w.org\/{rel}","templated":true}]}}