{"id":26931,"date":"2020-12-09T15:30:26","date_gmt":"2020-12-09T15:30:26","guid":{"rendered":"https:\/\/unitelive.org\/?p=26931"},"modified":"2020-12-10T12:04:15","modified_gmt":"2020-12-10T12:04:15","slug":"do-the-decent-thing","status":"publish","type":"post","link":"https:\/\/unitelive.test.igniteamt.com\/?p=26931","title":{"rendered":"&#8216;Do the decent thing&#8217;"},"content":{"rendered":"<div id=\"fb-root\"><\/div>\n\n<p>When chancellor Rishi Sunak listened to trade unions and announced in April, at the height of the pandemic, that he would increase Universal Credit payments by \u00c2\u014120 a week, millions of families \u00e2\u20ac\u201c many of them newly jobless \u00e2\u20ac\u201c breathed a sigh of relief.<\/p>\n\n\n\n<p>While many problems remain with the Universal Credit system \u00e2\u20ac\u201c namely the cruel five-week wait period for initial payments, senseless benefit sanctions and other issues \u00e2\u20ac\u201c the uplift made a massive difference to millions of households just when they needed it most.<\/p>\n\n\n\n<p>But now, this cash lifeline risks being snatched away, after the government has so far refused to extend the extra payment beyond next April.<\/p>\n\n\n\n<p>Unite is now ramping up its campaign to keep the Universal Credit uplift permanently, with Unite Community hosting an online day of action today (December 9).<\/p>\n\n\n\n<p><strong><em>Survey<\/em><\/strong><\/p>\n\n\n\n<p>The day of action comes as a new survey shows more than half of the country wants the Universal Credit uplift to stay.<\/p>\n\n\n\n<p>The survey, commissioned by Unite and conducted by pollster Survation, found that 54 per cent of those polled wanted the \u00c2\u014120 boost to Universal Credit, already claimed by six million people in the UK, to be extended beyond next April.<\/p>\n\n\n\n<p>Even a significant portion of Tory voters \u00e2\u20ac\u201c 40 per cent \u00e2\u20ac\u201c backed the uplift, while 70 per cent of Labour voters supported the increase. Meanwhile, more than half of those surveyed who earned more than \u00c2\u014140,000 a year \u00e2\u20ac\u201c 51 per cent \u00e2\u20ac\u201c believed the increase to Universal Credit should be made permanent.<\/p>\n\n\n\n<p>As part of Unite\u00e2\u20ac\u2122s campaign to galvanise nationwide support, councils are being asked to lobby Rishi Sunak and the prime minister Boris Johnson demanding that the \u00c2\u014120 increase to Universal Credit is made permanent and extended to claimants on legacy benefits.<\/p>\n\n\n\n<p><strong><em>&#8216;Now I can open the curtains&#8217;<\/em><\/strong><\/p>\n\n\n\n<p>UniteLIVE heard from several Unite Community members on Universal Credit who explained how the \u00c2\u014120-a-week uplift has transformed their lives in countless meaningful ways.<\/p>\n\n\n\n<p>Many spoke of how they could finally access vital amenities that most people may take for granted.&nbsp;<\/p>\n\n\n\n<p>\u00e2\u20ac\u015bI have been able to get broadband for the first time,\u00e2\u20ac\u0165 said one member. \u00e2\u20ac\u015bIt\u00e2\u20ac\u2122s already made a huge difference. I\u00e2\u20ac\u2122ve been able to search for work much quicker and my kids have been able to study.\u00e2\u20ac\u0165<\/p>\n\n\n\n<p>\u00e2\u20ac\u015bI was in serious arrears with the water company; I used to keep my curtains closed and worry every time someone knocked at the door,\u00e2\u20ac\u0165 explained another. \u00e2\u20ac\u015bWith the \u00c2\u014120 I have been able to start a payment plan that\u00e2\u20ac\u2122s within my budget. Now I can open the curtains.\u00e2\u20ac\u0165<\/p>\n\n\n\n<p>Another member noted, \u00e2\u20ac\u015bThe \u00c2\u014120 a week has meant that I haven\u00e2\u20ac\u2122t had to worry as much about topping up my electricity meter to keep warm.\u00e2\u20ac\u0165<\/p>\n\n\n\n<p>Parents told of their despair at not being able to provide for their children in the way they so desperately hoped to \u00e2\u20ac\u201c the \u00c2\u014120 increase has changed this for many.<\/p>\n\n\n\n<p>\u00e2\u20ac\u015bIt has been great to buy extra fruit and a couple of treats for the children, things I previously could not do,\u00e2\u20ac\u0165 one parent explained. \u00e2\u20ac\u015bBeing unable to treat your own children is heartbreaking.\u00e2\u20ac\u0165<\/p>\n\n\n\n<p>Another parent added, \u00e2\u20ac\u015bSeeing other kids in the park having ice cream was really difficult. But now I can buy my children the occasional ice cream. It sounds small, but to us it\u00e2\u20ac\u2122s a huge thing.\u00e2\u20ac\u0165<\/p>\n\n\n\n<p><em><strong>Extreme poverty <\/strong><\/em><\/p>\n\n\n\n<p>Unite\u00e2\u20ac\u2122s calls to keep the Universal Credit uplift come as stark new research shows that extreme poverty amid the pandemic is expected to double to 2m families, including 1m children.<\/p>\n\n\n\n<p>The <a href=\"https:\/\/www.jrf.org.uk\/report\/destitution-uk-2020\">research from the Joseph Rowntree Foundation (JRF)<\/a>, said that a cuts to benefits over the last decade of austerity, and design flaws in the Universal Credit system, among other issues, have all contributed to rising levels of extreme poverty which have been exacerbated by the pandemic.<\/p>\n\n\n\n<p>Meanwhile, a <a href=\"https:\/\/www.theguardian.com\/society\/2020\/dec\/04\/rishi-sunaks-cuts-risk-plunging-more-than-3-million-into-poverty\">separate study from the Fabian Society<\/a> published last week, estimated that cutting the \u00c2\u014120 a week uplift next April risks plunging a further 3m families into poverty.<\/p>\n\n\n\n<p>Both the JRF and the Fabian Society strongly recommended that the government maintain the \u00c2\u014120 Universal Credit increase to fend off a huge spike in poverty.<\/p>\n\n\n\n<p>Unite assistant general secretary Steve Turner warned that if chancellor Rishi Sunak presses ahead with slashing Universal Credit in April, then \u00e2\u20ac\u015bwe will see state support fall to its lowest real-terms level since 1990-91, its lowest ever level relative to average earnings.<\/p>\n\n\n\n<p>\u00e2\u20ac\u015bThe basic level of out-of-work support prior to the March boost was \u00e2\u20ac\u201c at just \u00c2\u014173 a week (\u00c2\u01413,800 a year) \u00e2\u20ac\u201c less than half the absolute poverty line,\u00e2\u20ac\u0165 he added. \u00e2\u20ac\u015bPeople are being asked to get by on a tenner a day.<\/p>\n\n\n\n<p>\u00e2\u20ac\u015bWith savage and heart-breaking rising unemployment, some six million people in this country rely on Universal Credit.&nbsp; The \u00c2\u014120 uplift may seem like pennies to the government, but it is literally the difference between turning the heating on or buying a warm coat for the kids for millions.&nbsp;<\/p>\n\n\n\n<p>&#8220;Snatching back this cash will be cruel in the extreme &#8211; and will certainly offend the voting public,\u00e2\u20ac\u0165 Turner continued.<\/p>\n\n\n\n<p>\u00e2\u20ac\u015bThe IMF and World Bank both warn this is not the time for governments to attack the incomes of the poorest and that to do so would be to imperil recovery.<\/p>\n\n\n\n<p>&#8220;We are urging the chancellor to make Christmas for the poorest families by saying that the \u00c2\u014120 uplift will stay beyond next April.&nbsp; Just do the decent thing and give them this small income security.<\/p>\n\n\n\n<p>\u00e2\u20ac\u015bThis Survation survey provides further strong evidence as why we\u00e2\u20ac\u2122re asking Unite members stand in solidarity and to call on councillors and others to join us in a coalition to force the government to retain the \u00c2\u014120 increase, end the waiting time and extend payment to all legacy benefits,\u00e2\u20ac\u0165 Turner went on to say.<\/p>\n\n\n\n<p>\u00e2\u20ac\u015bWhat Covid-19 has cruelly exposed is the inadequacy of the current welfare system, one of the meanest in Europe, and the entrenched inequalities for some of the country\u00e2\u20ac\u2122s most vulnerable and disadvantaged families.<\/p>\n\n\n\n<p>\u00e2\u20ac\u015bThe permanent uplift of \u00c2\u014120-a-week would be a small step in easing the already immense burden of thousands of people struggling financially to pay for the essentials of life on a daily basis.\u00e2\u20ac\u0165<\/p>\n\n\n\n<p><em><strong>Don\u00e2\u20ac\u2122t miss Unite Community\u00e2\u20ac\u2122s Universal Credit Facebook live event this evening (December 9) at 6pm-7.15pm. Unite assistant general secretary Steve Turner will be speaking along with Mirror journalist and poverty campaigner Ros Wynn-Jones, Labour\u00e2\u20ac\u2122s Jonathan Reynolds MP and a benefit claimant.\u00c2\u00a0<a rel=\"noreferrer noopener\" href=\"https:\/\/fb.me\/e\/1Fzcz5LbH\" target=\"_blank\">Click to sign up here<\/a>.<\/strong><\/em><\/p>\n\n\n\n<p><strong><em>By Hajera Blagg<\/em><\/strong><\/p>\n","protected":false},"excerpt":{"rendered":"<p>When chancellor Rishi Sunak listened to trade unions and announced in April, at the height of the pandemic, that he would increase Universal Credit payments by \u00c2\u014120 a week, millions of families \u00e2\u20ac\u201c many of them newly jobless \u00e2\u20ac\u201c breathed a sigh of relief. While many problems remain with the Universal Credit system \u00e2\u20ac\u201c namely [&hellip;]<\/p>\n","protected":false},"author":2,"featured_media":26730,"comment_status":"closed","ping_status":"closed","sticky":false,"template":"","format":"standard","meta":[],"categories":[1308,17],"tags":[1295,1309,462],"wps_subtitle":"Chancellor faces renewed pressure to keep Universal Credit increase as new poll shows widespread support for the uplift","_links":{"self":[{"href":"https:\/\/unitelive.test.igniteamt.com\/index.php?rest_route=\/wp\/v2\/posts\/26931"}],"collection":[{"href":"https:\/\/unitelive.test.igniteamt.com\/index.php?rest_route=\/wp\/v2\/posts"}],"about":[{"href":"https:\/\/unitelive.test.igniteamt.com\/index.php?rest_route=\/wp\/v2\/types\/post"}],"author":[{"embeddable":true,"href":"https:\/\/unitelive.test.igniteamt.com\/index.php?rest_route=\/wp\/v2\/users\/2"}],"replies":[{"embeddable":true,"href":"https:\/\/unitelive.test.igniteamt.com\/index.php?rest_route=%2Fwp%2Fv2%2Fcomments&post=26931"}],"version-history":[{"count":7,"href":"https:\/\/unitelive.test.igniteamt.com\/index.php?rest_route=\/wp\/v2\/posts\/26931\/revisions"}],"predecessor-version":[{"id":26938,"href":"https:\/\/unitelive.test.igniteamt.com\/index.php?rest_route=\/wp\/v2\/posts\/26931\/revisions\/26938"}],"wp:featuredmedia":[{"embeddable":true,"href":"https:\/\/unitelive.test.igniteamt.com\/index.php?rest_route=\/wp\/v2\/media\/26730"}],"wp:attachment":[{"href":"https:\/\/unitelive.test.igniteamt.com\/index.php?rest_route=%2Fwp%2Fv2%2Fmedia&parent=26931"}],"wp:term":[{"taxonomy":"category","embeddable":true,"href":"https:\/\/unitelive.test.igniteamt.com\/index.php?rest_route=%2Fwp%2Fv2%2Fcategories&post=26931"},{"taxonomy":"post_tag","embeddable":true,"href":"https:\/\/unitelive.test.igniteamt.com\/index.php?rest_route=%2Fwp%2Fv2%2Ftags&post=26931"}],"curies":[{"name":"wp","href":"https:\/\/api.w.org\/{rel}","templated":true}]}}