{"id":27829,"date":"2021-02-16T11:50:16","date_gmt":"2021-02-16T11:50:16","guid":{"rendered":"https:\/\/unitelive.org\/?p=27829"},"modified":"2021-02-17T11:35:19","modified_gmt":"2021-02-17T11:35:19","slug":"into-the-clutches-of-poverty-and-hunger","status":"publish","type":"post","link":"https:\/\/unitelive.test.igniteamt.com\/?p=27829","title":{"rendered":"&#8216;Into the clutches of poverty and hunger&#8217;"},"content":{"rendered":"<div id=\"fb-root\"><\/div>\n\n<p>Pressure on chancellor Rishi Sunak to extend the \u00c2\u014120-a-week Universal Credit uplift continues to mount as the next budget on March 3 nears.<\/p>\n\n\n\n<p>The Institute for Fiscal Studies (IFS) is the latest organisation to <a href=\"https:\/\/www.ifs.org.uk\/publications\/15301\">call for maintaining the \u00c2\u014120-a-week increase <\/a>today (February 16), noting that \u00e2\u20ac\u015bgiven that basic support for the (childless) unemployed has not risen in 50 years as earnings have more than doubled, and is much less generous than in many comparable countries, there is a case for maintaining this increase\u00e2\u20ac\u0165.<\/p>\n\n\n\n<p>The IFS noted that if the payment is not to be made permanent, at the very least it must be phased out slowly \u00e2\u20ac\u201c otherwise many households would see their incomes fall sharply at a time when unemployment is only expected to continue rising.<\/p>\n\n\n\n<p><strong><em>Child poverty<\/em><\/strong><\/p>\n\n\n\n<p>Meanwhile, new evidence has shown that axing the \u00c2\u014120-a-week Universal Credit increase, first introduced as an emergency measure last March but slated to end at the next month, could plunge nearly half a million children into poverty.<\/p>\n\n\n\n<p><a href=\"https:\/\/www.mirror.co.uk\/news\/politics\/420000-more-kids-poverty-government-23498231\"><em>The Mirror<\/em> reported<\/a> this week on the new research by the House of Commons Library, which found that 420,000 children would fall into relative poverty if the government did not extend the Universal Credit uplift after March.<\/p>\n\n\n\n<p>Commenting on the latest research, Feeding Britain director Andrew Forsey told the <em>Mirror<\/em>, \u00e2\u20ac\u015bThe findings of this analysis are as stark as they are frightening.<\/p>\n\n\n\n<p>\u00e2\u20ac\u015bA failure to extend the Universal Credit increase will plunge hundreds of thousands more children into the clutches of poverty and hunger.\u00e2\u20ac\u0165<\/p>\n\n\n\n<p>Even a growing number of the government\u00e2\u20ac\u2122s own Tory MPs are calling for the extra \u00c2\u014120 a week in Universal Credit payments to be extended for at least another year.<\/p>\n\n\n\n<p><a href=\"https:\/\/www.telegraph.co.uk\/politics\/2021\/02\/12\/pressure-grows-boris-johnson-rishi-sunak-extend-20-weekly-uplift\/\">The <em>Telegraph<\/em> reported<\/a> that 40 Tory MPs have written a private letter to prime minister Boris Johnson and chancellor Rishi Sunak demanding they extend the Universal Credit uplift for another 12 months.<\/p>\n\n\n\n<p>Last month, Labour put forward a motion in an Opposition Day debate calling on the government to keep the Universal Credit uplift \u00e2\u20ac\u201c Tory MPs were instructed to abstain but six rebelled and sided with Labour.<\/p>\n\n\n\n<p>Tory MP Peter Aldous, among those who voted with the Labour motion, told the <em>Telegraph <\/em>that he had written his own private letter to the prime minister demanding the government keep the Universal Credit increase \u00e2\u20ac\u201c and ensure it lasts a year.<\/p>\n\n\n\n<p>\u00e2\u20ac\u015bThe danger with extending [the Universal Credit increase] for six months is that a cliff edge still looms very quickly,\u00e2\u20ac\u0165 he said. \u00e2\u20ac\u015bDoing it for a year provides comfort and assurance.\u00e2\u20ac\u0165<\/p>\n\n\n\n<p>The chancellor is said to be weighing up multiple options for the Universal Credit increase \u00e2\u20ac\u201c beyond axing it altogether or extending it for a year, it is understood he is also considering a shorter extension or a lump sum payment.<\/p>\n\n\n\n<p>Critics were quick to point out problems with the lump sum payment option.<\/p>\n\n\n\n<p>\u00e2\u20ac\u015bUnemployment is projected to peak later this year so ending the lifeline now and giving a lump sum will not help people for whom the worst impact is yet to be felt,\u00e2\u20ac\u0165 said Joseph Rowntree Foundation director Helen Barnard.<\/p>\n\n\n\n<p>\u00e2\u20ac\u015bPeople living on a low income have seen their incomes fall, and fall fastest over the last decade, and face an extremely challenging year ahead of them,\u00e2\u20ac\u0165 she added. \u00e2\u20ac\u015bIf the Chancellor wants to wrap the nation\u00e2\u20ac\u2122s arms around families facing a long period of financial insecurity he would keep the \u00c2\u014120 for a further year rather than cut benefits and give a lump sum, ensuring that everyone who needs support during the year can benefit.\u00e2\u20ac\u0165<\/p>\n\n\n\n<p><strong><em>Free school meals<\/em><\/strong><\/p>\n\n\n\n<p>Meanwhile Labour has continued to push the government to extend free school meals during all school holidays of the year.<\/p>\n\n\n\n<p>Labour\u00e2\u20ac\u2122s shadow education secretary Kate Green held virtual talks on Monday (February 15) with parents, headteachers and foodbank directors on the first day of half-term calling for a \u00e2\u20ac\u0098transformation in support for families\u00e2\u20ac\u2122.<\/p>\n\n\n\n<p>Despite a concerted campaign for the government to provide free school meals over the February half-term, led in part by footballer Marcus Rashford, the government has refused to do so directly.<\/p>\n\n\n\n<p>Instead, councils have been told to use money from the Covid Winter Grant to fund meals for children in need over the week-long break. But government guidance to councils has specifically stated that the funding \u00e2\u20ac\u015bis not intended to replicate or replace free school meals\u00e2\u20ac\u0165.<\/p>\n\n\n\n<p>Commenting ahead of the virtual meeting with parents, headteachers and foodbank leaders, shadow education secretary Kate Green said, \u00e2\u20ac\u015bA decade of Conservative government had eroded families\u00e2\u20ac\u2122 safety nets with poverty rates rising even before the pandemic.<\/p>\n\n\n\n<p>\u00e2\u20ac\u015bThe last year has shone a light on the impacts of poverty on health, wellbeing and learning,\u00e2\u20ac\u0165 she added.<\/p>\n\n\n\n<p>\u00e2\u20ac\u015bAs we rebuild after this pandemic, we must deliver a transformation in support for families, starting with cancelling the planned cut to universal credit and guaranteeing provision of free school meals across all school holidays this year.\u00e2\u20ac\u0165<\/p>\n\n\n\n<p>Unite assistant general secretary Steve Turner called on the government to act now.<\/p>\n\n\n\n<p>\u00e2\u20ac\u015bThe economic havoc the Covid pandemic has unleashed has not been fully felt, with unemployment expected to get a lot worse later on in the year,&#8221; he said.<\/p>\n\n\n\n<p>\u00e2\u20ac\u015bIt is vital that families who are struggling the most on the lowest incomes are given immediate reassurance that the government will not suddenly abandon them in their hour of need,&#8221; Turner added.<\/p>\n\n\n\n<p>&#8220;They can do this by committing to cancelling the \u00c2\u014120-a-week cut to Universal Credit now and extend it to people on legacy benefits. Even before the pandemic, child poverty was a protracted problem in the UK \u00e2\u20ac\u201c for the government to consign a further 420,000 children to hunger and hardship would be a scandalous dereliction of duty.<\/p>\n\n\n\n<p>\u00e2\u20ac\u015bOur so-called social security net is riddled with holes. Making the \u00c2\u014120-a-week increase permanent and extending it to legacy claimants would go a long way in addressing the inadequacy of our benefits system,&#8221; Turner continued.<\/p>\n\n\n\n<p>&#8220;And let\u00e2\u20ac\u2122s not forget the majority of Universal Credit claimants are in work. So Unite will continue to demand decent wages so workers shouldn\u00e2\u20ac\u2122t be forced into claiming benefits in the first place.&#8221;<\/p>\n\n\n\n<p><strong><em>By Hajera Blagg<\/em><\/strong><\/p>\n","protected":false},"excerpt":{"rendered":"<p>Pressure on chancellor Rishi Sunak to extend the \u00c2\u014120-a-week Universal Credit uplift continues to mount as the next budget on March 3 nears. The Institute for Fiscal Studies (IFS) is the latest organisation to call for maintaining the \u00c2\u014120-a-week increase today (February 16), noting that \u00e2\u20ac\u015bgiven that basic support for the (childless) unemployed has not [&hellip;]<\/p>\n","protected":false},"author":2,"featured_media":10928,"comment_status":"closed","ping_status":"closed","sticky":false,"template":"","format":"standard","meta":[],"categories":[1308,1],"tags":[1340,462],"wps_subtitle":"Growing calls to cancel \u00c2\u014120-a-week Universal Credit cut as new research shows 420k children will be plunged into poverty if extra payment is axed","_links":{"self":[{"href":"https:\/\/unitelive.test.igniteamt.com\/index.php?rest_route=\/wp\/v2\/posts\/27829"}],"collection":[{"href":"https:\/\/unitelive.test.igniteamt.com\/index.php?rest_route=\/wp\/v2\/posts"}],"about":[{"href":"https:\/\/unitelive.test.igniteamt.com\/index.php?rest_route=\/wp\/v2\/types\/post"}],"author":[{"embeddable":true,"href":"https:\/\/unitelive.test.igniteamt.com\/index.php?rest_route=\/wp\/v2\/users\/2"}],"replies":[{"embeddable":true,"href":"https:\/\/unitelive.test.igniteamt.com\/index.php?rest_route=%2Fwp%2Fv2%2Fcomments&post=27829"}],"version-history":[{"count":5,"href":"https:\/\/unitelive.test.igniteamt.com\/index.php?rest_route=\/wp\/v2\/posts\/27829\/revisions"}],"predecessor-version":[{"id":27834,"href":"https:\/\/unitelive.test.igniteamt.com\/index.php?rest_route=\/wp\/v2\/posts\/27829\/revisions\/27834"}],"wp:featuredmedia":[{"embeddable":true,"href":"https:\/\/unitelive.test.igniteamt.com\/index.php?rest_route=\/wp\/v2\/media\/10928"}],"wp:attachment":[{"href":"https:\/\/unitelive.test.igniteamt.com\/index.php?rest_route=%2Fwp%2Fv2%2Fmedia&parent=27829"}],"wp:term":[{"taxonomy":"category","embeddable":true,"href":"https:\/\/unitelive.test.igniteamt.com\/index.php?rest_route=%2Fwp%2Fv2%2Fcategories&post=27829"},{"taxonomy":"post_tag","embeddable":true,"href":"https:\/\/unitelive.test.igniteamt.com\/index.php?rest_route=%2Fwp%2Fv2%2Ftags&post=27829"}],"curies":[{"name":"wp","href":"https:\/\/api.w.org\/{rel}","templated":true}]}}