{"id":27886,"date":"2021-02-24T08:00:00","date_gmt":"2021-02-24T08:00:00","guid":{"rendered":"https:\/\/unitelive.org\/?p=27886"},"modified":"2021-02-25T10:02:33","modified_gmt":"2021-02-25T10:02:33","slug":"unite-universal-credit-survey-reveals-depth-of-suffering","status":"publish","type":"post","link":"https:\/\/unitelive.test.igniteamt.com\/?p=27886","title":{"rendered":"&#8216;I don&#8217;t know how I will cope&#8217;"},"content":{"rendered":"<div id=\"fb-root\"><\/div>\n\n<p>Unite has reiterated its call for the government to cancel a proposed cut of \u00c2\u014120 a week to Universal Credit payments after a new survey has revealed the depth of suffering of low-income families who are struggling to make ends meet.<\/p>\n\n\n\n<p>The Unite survey, which was undertaken over three weeks earlier this month and received more than 500 responses, shows how Universal Credit claimants are barely surviving \u00e2\u20ac\u201c and how cutting the \u00c2\u014120 a week increase, introduced as an emergency measure last March \u00e2\u20ac\u201c would send many families over the edge.<\/p>\n\n\n\n<p>An overwhelming majority \u00e2\u20ac\u201c 78 per cent \u00e2\u20ac\u201c of those polled said that Universal Credit as it stands is not enough to live on, with a further 85 per cent reporting that getting through the five-week wait period before receiving their first Universal Credit payment was \u00e2\u20ac\u0098difficult\u00e2\u20ac\u2122.<\/p>\n\n\n\n<p>Just over half of those surveyed \u00e2\u20ac\u201c 54 per cent \u00e2\u20ac\u201c said they were forced to take out an advance payment to get through the five-week wait period, and almost just as many \u00e2\u20ac\u201c 43 per cent \u00e2\u20ac\u201c said repaying this loan was \u00e2\u20ac\u0098difficult\u00e2\u20ac\u2122.<\/p>\n\n\n\n<p>The extra \u00c2\u014120 a week introduced in March has helped make ends meet \u00e2\u20ac\u0098a lot\u00e2\u20ac\u2122 for just over half of those surveyed, with an additional 18 per cent \u00e2\u20ac\u201c nearly one in five \u00e2\u20ac\u201c saying it helped \u00e2\u20ac\u0098some\u00e2\u20ac\u2122.<\/p>\n\n\n\n<p><strong><em>\u00e2\u20ac\u0098I live in terror of needing a new fridge\u00e2\u20ac\u2122<\/em><\/strong><\/p>\n\n\n\n<p>Heartbreaking comments from the survey revealed how for some, the \u00c2\u014120 extra a week that they\u00e2\u20ac\u2122ve received since March last year has served as a vital lifeline, enabling them to afford food and bills, and avoid food banks.<\/p>\n\n\n\n<p>Many reported how the extra \u00c2\u014120 helped them survive what\u00e2\u20ac\u2122s been one of the coldest Februarys on record.<\/p>\n\n\n\n<p>\u00e2\u20ac\u015bI have the heating on when I first wake up to help me out of bed,\u00e2\u20ac\u0165 said one respondent. \u00e2\u20ac\u015bI have arthritis so am incredibly stiff without it. I can barely afford this but I definitely won&#8217;t be able to with \u00c2\u014120 less.\u00e2\u20ac\u0165<\/p>\n\n\n\n<p>\u00e2\u20ac\u015bWhen it\u00e2\u20ac\u2122s really cold [the \u00c2\u014120 a week] helped me use my heating to keep my children warm,\u00e2\u20ac\u0165 said another.<\/p>\n\n\n\n<p>Several Universal Credit claimants said in the survey that the uplift has helped them pay for broadband \u00e2\u20ac\u201c a vital amenity in lockdown. One respondent said being able to afford an internet connection has helped them \u00e2\u20ac\u015blook for work and upskill\u00e2\u20ac\u0165 and others said it helped \u00e2\u20ac\u015beducate my children as their schools have shut\u00e2\u20ac\u0165.<\/p>\n\n\n\n<p>For others, the \u00c2\u014120 a week uplift has given them just a bit of extra breathing space.<\/p>\n\n\n\n<p>\u00e2\u20ac\u015bIt\u00e2\u20ac\u2122s meant I could afford to not count every penny for the first time in years and it means I\u00e2\u20ac\u2122ve eaten more healthily because an extra \u00c2\u014120 a week makes a huge difference,\u00e2\u20ac\u0165 said one respondent.<\/p>\n\n\n\n<p>Another respondent commented, \u00e2\u20ac\u015b[The \u00c2\u014120 a week] has enabled me to buy things not normally possible; I replaced my broken bed. Normally I live in terror of needing a new fridge.\u00e2\u20ac\u0165<\/p>\n\n\n\n<p><strong><em>\u00e2\u20ac\u0098Rising cost of everything\u00e2\u20ac\u2122<\/em><\/strong><\/p>\n\n\n\n<p>Others highlighted how the extra \u00c2\u014120 has become an absolute necessity because basic living costs have increased dramatically during the pandemic, with one survey participant saying the uplift \u00e2\u20ac\u015bhas helped with the rising cost of everything\u00e2\u20ac\u0165.<\/p>\n\n\n\n<p>\u00e2\u20ac\u015bAs I am at home more am using more gas and electricity, so the extra money has gone on that,\u00e2\u20ac\u0165 said another respondent.<\/p>\n\n\n\n<p>Several parents, whose children are not entitled to free school meals, said the extra \u00c2\u014120 a week has gone to feeding their growing kids who are now at home all the time during lockdown.<\/p>\n\n\n\n<p>One parent said they were now able to buy \u00e2\u20ac\u0098treats\u00e2\u20ac\u2122 like \u00e2\u20ac\u0098fresh fruit\u00e2\u20ac\u2122 for their kids, which, they said, \u00e2\u20ac\u015bwas really important during lockdown to ensure, while exercise was limited, that I could make meals a bit healthier&#8221;.<\/p>\n\n\n\n<p>Many highlighted that the \u00c2\u014120 a week they\u00e2\u20ac\u2122ve received since March has gone almost exclusively to paying debts racked up by a system that\u00e2\u20ac\u2122s simply not enough to live on.<\/p>\n\n\n\n<p>\u00e2\u20ac\u015bWe can afford bills but not food without going into debt,\u00e2\u20ac\u0165 said one respondent. \u00e2\u20ac\u015bThe extra \u00c2\u014120 has helped reduce the debt we\u00e2\u20ac\u2122re accumulating to pay for food.\u00e2\u20ac\u0165<\/p>\n\n\n\n<p>Another survey participant, who is self-employed and so not entitled to sick pay, said the \u00c2\u014120 a week had gone to \u00e2\u20ac\u015bdebt repayments to credit cards from debts incurred after being ill from coronavirus\u00e2\u20ac\u0165.<\/p>\n\n\n\n<p><strong><em>\u00e2\u20ac\u0098I don\u00e2\u20ac\u2122t know how I will cope\u00e2\u20ac\u2122<\/em><\/strong><\/p>\n\n\n\n<p>A significant proportion of Universal Credit claimants polled \u00e2\u20ac\u201c 14 per cent &#8212; said the extra \u00c2\u014120 had helped \u00e2\u20ac\u0098only a little\u00e2\u20ac\u2122, while similar number \u00e2\u20ac\u201c just over 15 per cent \u00e2\u20ac\u201c said it did not help at all.<\/p>\n\n\n\n<p>Many reported that since they were relatively new to Universal Credit, they have not yet known what it means to live with \u00c2\u014180 less each month. This is an experience shared by millions \u00e2\u20ac\u201c since March last year, the number of Universal Credit claimants has nearly doubled from 3 million to almost 6 million.<\/p>\n\n\n\n<p>\u00e2\u20ac\u015bI\u00e2\u20ac\u2122ve only just starting receiving Universal Credit,\u00e2\u20ac\u0165 said one respondent. \u00e2\u20ac\u015bI didn&#8217;t know about the \u00c2\u014120 but if that\u00e2\u20ac\u2122s taken away then it will be difficult for me to pay all my bills.\u00e2\u20ac\u0165<\/p>\n\n\n\n<p>Another claimant, who started Universal Credit in March last year when the extra \u00c2\u014120 a week was first introduced, said, \u00e2\u20ac\u015bI still struggle to meet all bills. Since I started UC in March 2020, I have always received the extra amount and still struggle &#8212; I don\u00e2\u20ac\u2122t know how I will cope.\u00e2\u20ac\u0165<\/p>\n\n\n\n<p>This abject terror of the impending cut to Universal Credit was a sentiment shared by many in the survey.<\/p>\n\n\n\n<p>\u00e2\u20ac\u015bI can\u00e2\u20ac\u2122t bear to think what it would be like without the \u00c2\u014120 extra as it\u00e2\u20ac\u2122s still not enough to pay bills and buy food,\u00e2\u20ac\u0165 one respondent said. \u00e2\u20ac\u015bI worry about putting the heating on, and it\u00e2\u20ac\u2122s been so cold and miserable.\u00e2\u20ac\u0165<\/p>\n\n\n\n<p>Another said, \u00e2\u20ac\u015bThings are still tight and I dread the removal of the extra \u00c2\u014120 a week.\u00e2\u20ac\u0165<\/p>\n\n\n\n<p><strong><em>\u00e2\u20ac\u0098Extend the uplift indefinitely\u00e2\u20ac\u2122<\/em><\/strong><\/p>\n\n\n\n<p>Unite is one of a number of organisations lobbying the chancellor in next Wednesday\u00e2\u20ac\u2122s (March 3) budget to make the uplift permanent and not to just extend it for another six months, as the chancellor is reportedly considering, given that unemployment could rise further as lockdown restrictions are eased and the furlough payments taper off.<\/p>\n\n\n\n<p>The financial crisis facing the estimated 5.6 million UC claimants was thrown into sharp relief by <a href=\"https:\/\/www.resolutionfoundation.org\/publications\/half-measures\/\">figures from Resolution Foundation<\/a> which show that removing the \u00c2\u014120-a-week boost after six months will mean the poorest households will be \u00c2\u0141350 worse off over the whole of 2021-22.<\/p>\n\n\n\n<p>Separate research from the House of Commons Library found that cutting the \u00c2\u014120-a-week Universal Credit uplift <a href=\"https:\/\/unitelive.org\/into-the-clutches-of-poverty-and-hunger\/\">would plunge an additional 420,000 children into poverty.<\/a><\/p>\n\n\n\n<p>Commenting, Unite general secretary Len McCluksey said, \u00e2\u20ac\u015bThe lesson this survey and the many heart-breaking comments of Unite Community members about their experience of living on Universal Credit so starkly proves is that the \u00c2\u014120 \u00e2\u20ac\u0098top up\u00e2\u20ac\u2122 has been a lifeline to millions, literally the difference between heating and eating.<\/p>\n\n\n\n<p>\u00e2\u20ac\u015bThe economic havoc the Covid pandemic has unleashed has yet to be fully felt, with unemployment expected to get a lot worse later on in the year,\u00e2\u20ac\u0165 he added. \u00e2\u20ac\u015bIt is vital that families, who are struggling the most on the lowest incomes, are given immediate reassurance that the government will not suddenly abandon in their hour of need.&#8221;<\/p>\n\n\n\n<p>Unite assistant general secretary Steve Turner added, \u00e2\u20ac\u015bEven before the pandemic, child poverty was a deeply entrenched problem in the UK \u00e2\u20ac\u201c for the government to consign a further 420,000 children to hunger and hardship would be a scandal.<\/p>\n\n\n\n<p>&#8220;Instead of taking Universal Credit away from those in need \u00e2\u20ac\u201c the majority of whom are in work \u00e2\u20ac\u201c the chancellor should be extending the uplift indefinitely.<\/p>\n\n\n\n<p>\u00e2\u20ac\u015bThese should include those on legacy benefits who have had no additional support, along with ending the five week wait which has forced people to turn to foodbanks in droves,\u00e2\u20ac\u0165 he noted. <\/p>\n\n\n\n<p>&#8220;The grim reality is that work doesn&#8217;t pay in this country and our benefits support system has been destroyed.&nbsp; Those who have lost their jobs in this crisis are finding out how little this government thinks they should live on.<\/p>\n\n\n\n<p>\u00e2\u20ac\u015bIt is a disgrace and a humane government would be addressing this. We will carry on the fight to stop this cut.&#8221;<\/p>\n\n\n\n<p>You can support Unite&#8217;s campaign to keep the \u00c2\u014120 a week Universal Credit uplift by emailing your MP &#8211; <a href=\"https:\/\/unitetheunion.org\/campaigns\/take-action-keep-the-20-a-week-universal-uplift\/\">you can insert your postcode in our form here to contact your MP and urge them to call on the government do the right thing.<\/a><\/p>\n\n\n\n<p><strong><em>By Hajera Blagg<\/em><\/strong><\/p>\n","protected":false},"excerpt":{"rendered":"<p>Unite has reiterated its call for the government to cancel a proposed cut of \u00c2\u014120 a week to Universal Credit payments after a new survey has revealed the depth of suffering of low-income families who are struggling to make ends meet. The Unite survey, which was undertaken over three weeks earlier this month and received [&hellip;]<\/p>\n","protected":false},"author":2,"featured_media":22129,"comment_status":"closed","ping_status":"closed","sticky":false,"template":"","format":"standard","meta":[],"categories":[1308,17],"tags":[1295,232,462],"wps_subtitle":"Unite reiterates call to cancel \u00c2\u014120-a-week cut to Universal Credit as new Unite survey reveals depth of low-income families\u00e2\u20ac\u2122 suffering","_links":{"self":[{"href":"https:\/\/unitelive.test.igniteamt.com\/index.php?rest_route=\/wp\/v2\/posts\/27886"}],"collection":[{"href":"https:\/\/unitelive.test.igniteamt.com\/index.php?rest_route=\/wp\/v2\/posts"}],"about":[{"href":"https:\/\/unitelive.test.igniteamt.com\/index.php?rest_route=\/wp\/v2\/types\/post"}],"author":[{"embeddable":true,"href":"https:\/\/unitelive.test.igniteamt.com\/index.php?rest_route=\/wp\/v2\/users\/2"}],"replies":[{"embeddable":true,"href":"https:\/\/unitelive.test.igniteamt.com\/index.php?rest_route=%2Fwp%2Fv2%2Fcomments&post=27886"}],"version-history":[{"count":9,"href":"https:\/\/unitelive.test.igniteamt.com\/index.php?rest_route=\/wp\/v2\/posts\/27886\/revisions"}],"predecessor-version":[{"id":27919,"href":"https:\/\/unitelive.test.igniteamt.com\/index.php?rest_route=\/wp\/v2\/posts\/27886\/revisions\/27919"}],"wp:featuredmedia":[{"embeddable":true,"href":"https:\/\/unitelive.test.igniteamt.com\/index.php?rest_route=\/wp\/v2\/media\/22129"}],"wp:attachment":[{"href":"https:\/\/unitelive.test.igniteamt.com\/index.php?rest_route=%2Fwp%2Fv2%2Fmedia&parent=27886"}],"wp:term":[{"taxonomy":"category","embeddable":true,"href":"https:\/\/unitelive.test.igniteamt.com\/index.php?rest_route=%2Fwp%2Fv2%2Fcategories&post=27886"},{"taxonomy":"post_tag","embeddable":true,"href":"https:\/\/unitelive.test.igniteamt.com\/index.php?rest_route=%2Fwp%2Fv2%2Ftags&post=27886"}],"curies":[{"name":"wp","href":"https:\/\/api.w.org\/{rel}","templated":true}]}}