{"id":27916,"date":"2021-02-25T10:02:13","date_gmt":"2021-02-25T10:02:13","guid":{"rendered":"https:\/\/unitelive.org\/?p=27916"},"modified":"2021-02-26T10:39:49","modified_gmt":"2021-02-26T10:39:49","slug":"difference-between-heating-and-eating","status":"publish","type":"post","link":"https:\/\/unitelive.test.igniteamt.com\/?p=27916","title":{"rendered":"&#8216;Difference between heating and eating&#8217;"},"content":{"rendered":"<div id=\"fb-root\"><\/div>\n\n<p>The pressure on chancellor Rishi Sunak to extend the \u00c2\u014120-a-week uplift in Universal Credit (UC) indefinitely in next week\u00e2\u20ac\u2122s budget has been reinforced by a new survey from Unite.<\/p>\n\n\n\n<p>Unite said the survey of 579 of its Community members, who include the unemployed and those with disabilities, found 78 per cent did not find the UC\u00e2\u20ac\u2122s payment enough to live on, even with the extra \u00c2\u014120, as they struggled to pay food and utility bills.<\/p>\n\n\n\n<p>The \u00c2\u014120-a-week UC uplift was introduced at the onset of the pandemic last year, but is due to end on 31 March 2021 \u00e2\u20ac\u201c and in Unite\u00e2\u20ac\u2122s survey&nbsp; 52 per cent said the extra money helped \u00e2\u20ac\u0098a lot\u00e2\u20ac\u2122 to make ends meet.<\/p>\n\n\n\n<p>A total of 85 per cent found the five week wait for the UC payments to start as \u00e2\u20ac\u0098difficult. Just over half those surveyed (54 per cent) took out an advance payment and 43 per cent said repaying the loan was also \u00e2\u20ac\u0098difficult\u00e2\u20ac\u2122.<\/p>\n\n\n\n<p>Unite is one of a number of organisations lobbying the chancellor in next Wednesday\u00e2\u20ac\u2122s (March 3) budget to make the uplift permanent and not just to extend it for another six months, given that unemployment could rise further as lockdown restrictions are eased and the furlough payments taper off.<\/p>\n\n\n\n<p>The financial crisis facing the estimated 5.6 million UC claimants is thrown into sharp relief by figures from the Resolution Foundation which show that removing the \u00c2\u014120-a-week boost after six months will mean the poorest households will be \u00c2\u0141350 worse off over the whole of 2021-22.<\/p>\n\n\n\n<p>Some of the heart-rending comments from those struggling on the breadline are below. The <a href=\"http:\/\/www.unitetheunion.org\/ucsurvey\/\">full survey can accessed here<\/a>.<\/p>\n\n\n\n<p>\u00e2\u20ac\u015bI lose a week\u00e2\u20ac\u2122s food without it.\u00e2\u20ac\u0165<\/p>\n\n\n\n<p>\u00e2\u20ac\u015bYou can&#8217;t eat properly. It&#8217;s cold in the winter because you can&#8217;t afford to have the heating on, you can&#8217;t buy clothes. [We] just live hand to mouth. The extra \u00c2\u014120 helps so much it doesn&#8217;t sound much but it helps to put food on the table.\u00e2\u20ac\u0165<\/p>\n\n\n\n<p>\u00e2\u20ac\u015bWe haven\u00e2\u20ac\u2122t had to use a food bank since the uplift.\u00e2\u20ac\u0165<\/p>\n\n\n\n<p>Unite general secretary Len McCluskey said, \u00e2\u20ac\u015bThe lesson this survey and the many heart-breaking comments of Unite Community members about their experience of living on Universal Credit so starkly proves is that the \u00c2\u014120 \u00e2\u20ac\u0098top up\u00e2\u20ac\u2122 has been a lifeline to millions, literally the difference between heating and eating.<\/p>\n\n\n\n<p>\u00e2\u20ac\u015bThe economic havoc the Covid pandemic has unleashed has yet to be fully felt, with unemployment expected to get a lot worse later on in the year,&#8221; he added. <\/p>\n\n\n\n<p>\u00e2\u20ac\u015bIt is vital that families, who are struggling the most on the lowest incomes, are given immediate reassurance that the government will not suddenly abandon them in their hour of need.&#8221;<\/p>\n\n\n\n<p>Unite assistant general secretary Steve Turner added,\u00e2\u20ac\u015bEven before the pandemic, child poverty was a deeply entrenched problem in the UK \u00e2\u20ac\u201c for the government to consign a further 420,000 children to hunger and hardship would be a scandal.<\/p>\n\n\n\n<p>&#8220;Instead of taking Universal Credit away from those in need \u00e2\u20ac\u201c the majority of whom are in work \u00e2\u20ac\u201c the chancellor should be extending the uplift indefinitely,&#8221; he noted. <\/p>\n\n\n\n<p>\u00e2\u20ac\u015bThese should include those on legacy benefits who have had no additional support, along with ending the five week wait which has forced people to turn to foodbanks in droves.<\/p>\n\n\n\n<p>&#8220;The grim reality is that work doesn&#8217;t pay in this country and our benefits support system has been destroyed.&nbsp; Those who have lost their jobs in this crisis are finding out how little this government thinks they should live on.&nbsp;<\/p>\n\n\n\n<p>\u00e2\u20ac\u015bIt is a disgrace and a humane government would be addressing this. We will carry on the fight to stop this cut.&#8221;<\/p>\n\n\n\n<p>You can read more about the Unite Universal Credit survey in <a href=\"https:\/\/unitelive.org\/unite-universal-credit-survey-reveals-depth-of-suffering\/\">our feature here. <\/a><\/p>\n\n\n\n<p>You can support Unite\u00e2\u20ac\u2122s campaign to keep the \u00c2\u014120 a week Universal Credit uplift by emailing your MP \u00e2\u20ac\u201c\u00c2\u00a0<a href=\"https:\/\/unitetheunion.org\/campaigns\/take-action-keep-the-20-a-week-universal-uplift\/\">you can insert your postcode in our form here to contact your MP and urge them to call on the government do the right thing.<\/a><\/p>\n\n\n\n<p><strong><em>By Shaun Noble<\/em><\/strong><\/p>\n","protected":false},"excerpt":{"rendered":"<p>The pressure on chancellor Rishi Sunak to extend the \u00c2\u014120-a-week uplift in Universal Credit (UC) indefinitely in next week\u00e2\u20ac\u2122s budget has been reinforced by a new survey from Unite. Unite said the survey of 579 of its Community members, who include the unemployed and those with disabilities, found 78 per cent did not find the [&hellip;]<\/p>\n","protected":false},"author":2,"featured_media":26730,"comment_status":"closed","ping_status":"closed","sticky":false,"template":"","format":"standard","meta":[],"categories":[1],"tags":[1295,462],"wps_subtitle":"Need for chancellor Rishi Sunak to extend \u00c2\u014120-a-week Universal Credit boost indefinitely underpinned by Unite survey","_links":{"self":[{"href":"https:\/\/unitelive.test.igniteamt.com\/index.php?rest_route=\/wp\/v2\/posts\/27916"}],"collection":[{"href":"https:\/\/unitelive.test.igniteamt.com\/index.php?rest_route=\/wp\/v2\/posts"}],"about":[{"href":"https:\/\/unitelive.test.igniteamt.com\/index.php?rest_route=\/wp\/v2\/types\/post"}],"author":[{"embeddable":true,"href":"https:\/\/unitelive.test.igniteamt.com\/index.php?rest_route=\/wp\/v2\/users\/2"}],"replies":[{"embeddable":true,"href":"https:\/\/unitelive.test.igniteamt.com\/index.php?rest_route=%2Fwp%2Fv2%2Fcomments&post=27916"}],"version-history":[{"count":2,"href":"https:\/\/unitelive.test.igniteamt.com\/index.php?rest_route=\/wp\/v2\/posts\/27916\/revisions"}],"predecessor-version":[{"id":27918,"href":"https:\/\/unitelive.test.igniteamt.com\/index.php?rest_route=\/wp\/v2\/posts\/27916\/revisions\/27918"}],"wp:featuredmedia":[{"embeddable":true,"href":"https:\/\/unitelive.test.igniteamt.com\/index.php?rest_route=\/wp\/v2\/media\/26730"}],"wp:attachment":[{"href":"https:\/\/unitelive.test.igniteamt.com\/index.php?rest_route=%2Fwp%2Fv2%2Fmedia&parent=27916"}],"wp:term":[{"taxonomy":"category","embeddable":true,"href":"https:\/\/unitelive.test.igniteamt.com\/index.php?rest_route=%2Fwp%2Fv2%2Fcategories&post=27916"},{"taxonomy":"post_tag","embeddable":true,"href":"https:\/\/unitelive.test.igniteamt.com\/index.php?rest_route=%2Fwp%2Fv2%2Ftags&post=27916"}],"curies":[{"name":"wp","href":"https:\/\/api.w.org\/{rel}","templated":true}]}}