{"id":29387,"date":"2021-07-05T14:24:00","date_gmt":"2021-07-05T13:24:00","guid":{"rendered":"https:\/\/unitelive.org\/?p=29387"},"modified":"2021-07-06T11:13:50","modified_gmt":"2021-07-06T10:13:50","slug":"leave-that-20-well-alone","status":"publish","type":"post","link":"https:\/\/unitelive.test.igniteamt.com\/?p=29387","title":{"rendered":"&#8216;Leave that \u00c2\u014120 well alone&#8217;"},"content":{"rendered":"<div id=\"fb-root\"><\/div>\n\n<p>A growing number of Tory ministers have joined the chorus of calls to permanently maintain the extra \u00c2\u014120 a week to Universal Credit payments that is due to end in September.<\/p>\n\n\n\n<p>This week, six Tory ex-welfare ministers, including former work and pensions secretary and creator of the Universal Credit system Sir Iain Duncan Smith, have called on the government to make permanent the \u00c2\u014120 a week increase to Universal Credit that was first introduced as an emergency measure last March.<\/p>\n\n\n\n<p>Duncan Smith was joined by all five of his successors, including Damian Green, Stephen Crabb, David Gauke, Esther McVey, and Amber Rudd in writing a joint letter to chancellor Rishi Sunak urging him to halt plans to cut Universal Credit payments in September.<\/p>\n\n\n\n<p>\u00e2\u20ac\u015bAs the economy reopens, and the government re-evaluates where it has been spending money, we ask that the current funding for individuals in the universal credit envelope be kept at the current level,\u00e2\u20ac\u0165 the ex-welfare ministers wrote in their letter to Sunak.<\/p>\n\n\n\n<p>\u00e2\u20ac\u015bWe ask that you protect the investment in universal credit, to strengthen work incentives for those who can work and support more generously those who cannot work,\u00e2\u20ac\u0165 the letter continued.<\/p>\n\n\n\n<p>In a separate statement, Duncan Smith explained why it was so vital that the increase to Universal Credit is maintained permanently.<\/p>\n\n\n\n<p>\u00e2\u20ac\u015bUniversal Credit has held up well as a system for distributing money to those who need it, and the extra \u00c2\u014120 added to has been essential in allowing people to live with dignity,\u00e2\u20ac\u0165 he said.<\/p>\n\n\n\n<p>\u00e2\u20ac\u015bA failure to act would mean not grasping this opportunity to invest in a future with more work and less poverty and would damage living standards, health and opportunities for some of the families that need our support most as we emerge from the pandemic.\u00e2\u20ac\u0165<\/p>\n\n\n\n<p><em><a href=\"https:\/\/www.mirror.co.uk\/news\/politics\/six-former-tory-welfare-chiefs-24459498\">The Mirror reports<\/a><\/em> that it is also believed that current work and pensions secretary Therese Coffey also wants to make the \u00c2\u014120 a week permanent as discussions with the Treasury continue.<\/p>\n\n\n\n<p>Dozens of other Tory MPs have publicly stated that they likewise want increased Universal Credit payments to be maintained permanently.<\/p>\n\n\n\n<p>Growing calls from politicians on all sides against cutting Universal Credit reflects the public mood \u00e2\u20ac\u201c <a href=\"https:\/\/fabians.org.uk\/wp-content\/uploads\/2021\/05\/Going-with-the-grain-Fabian-Society-lowres.pdf\">a survey of more than 1,600 people published by The Fabian Society<\/a> in May showed widespread public support for permanently maintaining the \u00c2\u014120 increase to Universal Credit.<\/p>\n\n\n\n<p>Research from the Child Action Poverty group has shown that if Universal Credit is cut as planned in September \u00e2\u20ac\u201c a move which would make about 6m families \u00c2\u01411000 worse off each year \u00e2\u20ac\u201c then an additional 200,000 children would be plunged into poverty.<\/p>\n\n\n\n<p>Last week, Tory minister Will Quince said that his full \u00e2\u20ac\u0098expectation\u00e2\u20ac\u2122 is that Universal Credit will be cut in September. When asked, he admitted that the government had undertaken no assessment of its own on the impact the cut would have on child poverty, dismissing such assessments as \u00e2\u20ac\u015binherently speculative\u00e2\u20ac\u0165.<\/p>\n\n\n\n<p>Unite Community has long campaigned to make the extra \u00c2\u014120 in Universal Credit payments permanent, and successfully lobbied to extend the payment beyond the initial cut-off date of April this year.<\/p>\n\n\n\n<p>Unite Community continues to make the case that Universal Credit payments are already far too low \u00e2\u20ac\u201c even with the \u00c2\u014120, the basic Universal Credit rate is worth just a sixth of average weekly pay. Unite Community has also called for the \u00c2\u014120 to be extended to those on legacy benefits who are currently excluded.<\/p>\n\n\n\n<p>Commenting, Unite assistant general secretary Steve Turner with responsibility for Unite Community said, &#8220;Six former Tory welfare ministers calling for Sunak not to cut the \u00c2\u014120 in Universal Credit surely must make the chancellor listen.<\/p>\n\n\n\n<p>&#8220;The problem is not the \u00c2\u014120 but the epidemic of poverty pay in this country,\u00e2\u20ac\u0165 he added. \u00e2\u20ac\u015bThe majority of those on UC are in work, and that is a scandal.<\/p>\n\n\n\n<p>&#8220;A government that takes cash off those most in need is one that will deepen this country&#8217;s already shocking levels of poverty and inequality,\u00e2\u20ac\u0165 Turner went on to say. \u00e2\u20ac\u015bIt certainly makes a lie out of their empty claims to be `levelling up&#8217;.<\/p>\n\n\n\n<p>&#8220;But the fact is that cutting that \u00c2\u014120 also makes no economic sense,\u00e2\u20ac\u0165 he continued.\u00e2\u20ac\u0165 That&#8217;s money spent on our struggling high streets, on food and clothes for children and families, not hidden offshore in some dodgy Cayman Island&#8217;s account.<\/p>\n\n\n\n<p>&#8220;If the chancellor is serious about getting our country back on its feet, he will leave that \u00c2\u014120 well alone.&#8221;<\/p>\n\n\n\n<p><strong><em>By Hajera Blagg<\/em><\/strong><\/p>\n","protected":false},"excerpt":{"rendered":"<p>A growing number of Tory ministers have joined the chorus of calls to permanently maintain the extra \u00c2\u014120 a week to Universal Credit payments that is due to end in September. This week, six Tory ex-welfare ministers, including former work and pensions secretary and creator of the Universal Credit system Sir Iain Duncan Smith, have [&hellip;]<\/p>\n","protected":false},"author":2,"featured_media":20140,"comment_status":"closed","ping_status":"closed","sticky":false,"template":"","format":"standard","meta":[],"categories":[1],"tags":[1295,462],"wps_subtitle":"Six former Tory work and pensions secretaries call on chancellor to halt planned Universal Credit cut","_links":{"self":[{"href":"https:\/\/unitelive.test.igniteamt.com\/index.php?rest_route=\/wp\/v2\/posts\/29387"}],"collection":[{"href":"https:\/\/unitelive.test.igniteamt.com\/index.php?rest_route=\/wp\/v2\/posts"}],"about":[{"href":"https:\/\/unitelive.test.igniteamt.com\/index.php?rest_route=\/wp\/v2\/types\/post"}],"author":[{"embeddable":true,"href":"https:\/\/unitelive.test.igniteamt.com\/index.php?rest_route=\/wp\/v2\/users\/2"}],"replies":[{"embeddable":true,"href":"https:\/\/unitelive.test.igniteamt.com\/index.php?rest_route=%2Fwp%2Fv2%2Fcomments&post=29387"}],"version-history":[{"count":4,"href":"https:\/\/unitelive.test.igniteamt.com\/index.php?rest_route=\/wp\/v2\/posts\/29387\/revisions"}],"predecessor-version":[{"id":29391,"href":"https:\/\/unitelive.test.igniteamt.com\/index.php?rest_route=\/wp\/v2\/posts\/29387\/revisions\/29391"}],"wp:featuredmedia":[{"embeddable":true,"href":"https:\/\/unitelive.test.igniteamt.com\/index.php?rest_route=\/wp\/v2\/media\/20140"}],"wp:attachment":[{"href":"https:\/\/unitelive.test.igniteamt.com\/index.php?rest_route=%2Fwp%2Fv2%2Fmedia&parent=29387"}],"wp:term":[{"taxonomy":"category","embeddable":true,"href":"https:\/\/unitelive.test.igniteamt.com\/index.php?rest_route=%2Fwp%2Fv2%2Fcategories&post=29387"},{"taxonomy":"post_tag","embeddable":true,"href":"https:\/\/unitelive.test.igniteamt.com\/index.php?rest_route=%2Fwp%2Fv2%2Ftags&post=29387"}],"curies":[{"name":"wp","href":"https:\/\/api.w.org\/{rel}","templated":true}]}}