{"id":29634,"date":"2021-08-02T12:36:39","date_gmt":"2021-08-02T11:36:39","guid":{"rendered":"https:\/\/unitelive.org\/?p=29634"},"modified":"2021-08-02T14:13:42","modified_gmt":"2021-08-02T13:13:42","slug":"double-whammy-for-workers","status":"publish","type":"post","link":"https:\/\/unitelive.test.igniteamt.com\/?p=29634","title":{"rendered":"\u00e2\u20ac\u0098Double whammy for workers\u00e2\u20ac\u2122"},"content":{"rendered":"<div id=\"fb-root\"><\/div>\n<p>On the eve of the government\u00e2\u20ac\u2122s contribution to the furlough scheme reducing to 60 per cent of wage costs, (Saturday 31 July), Unite called for the government to rethink its plans to end the scheme altogether in September.<\/p>\n<p>Around 2m workers are still on the Coronavirus Jobs Retention Scheme (furlough) down from the peak of 11m workers when the health crisis engulfed the UK economy last year.<\/p>\n<p>Unite, which was central to negotiating the scheme, says that it has more than proved its value to the country, protecting jobs, keeping wages coming in to support families and preventing an unemployment crisis. Unite is now calling for it to be adapted into a short-time working scheme, such as the one which protects jobs and whole industries in Germany, from\u00c2\u00a0market vagaries.<\/p>\n<p>Steve Turner, Unite assistant general secretary for manufacturing, said, \u00e2\u20ac\u015bWhen we negotiated furlough I said to the government that it would more than prove its value by protecting jobs, incomes and skills, especially for strategic sectors like manufacturing, something which has demonstrably been the case.<\/p>\n<p>\u00e2\u20ac\u015bIt is far better to retain workers through temporary crises, dips in demand and technological transformation such as we are seeing now with the greening of our economy, than to lose them altogether, along with the skills and knowledge they possess, and\u00c2\u00a0allowing unemployment to rise.<\/p>\n<p>\u00e2\u20ac\u015bThat&#8217;s why I am calling on the government not to scrap the scheme altogether but to adapt it.\u00c2\u00a0Reform it into a short-time working scheme, like they have in Germany and many of our competitor countries, to support critical sectors like manufacturing through peaks and troughs, serious supply chain problems and the transition to a greener future that&#8217;s now underway.<\/p>\n<p>\u00e2\u20ac\u015bWe\u00e2\u20ac\u2122re not out of the woods yet with this pandemic and the autumn could see another rash of cases and further disruptions.<\/p>\n<p>\u00e2\u20ac\u015bThat&#8217;s why I am urging ministers not to waste the good work that\u00e2\u20ac\u2122s been done, or to miss a fantastic legacy that can develop from furlough.<\/p>\n<p>\u00e2\u20ac\u015bTo pull the rug from under the feet of business and workers now will dent the confidence needed for businesses to invest and adapt operations at this critical time as we try to recover and rebuild the economy.<\/p>\n<p>\u00e2\u20ac\u015bIt is hard to comprehend the motivation for or sense in ending both the furlough scheme and snatching back \u00c2\u014120 a week from hard working people on universal credit on the same day.\u00c2\u00a0It&#8217;s a double whammy and could\u00c2\u00a0make 30 September a very bleak day for workers, their families and communities.\u00e2\u20ac\u0165<\/p>\n<p><strong><em>By Barckley Sumner <\/em><\/strong><\/p>\n","protected":false},"excerpt":{"rendered":"<p>On the eve of the government\u00e2\u20ac\u2122s contribution to the furlough scheme reducing to 60 per cent of wage costs, (Saturday 31 July), Unite called for the government to rethink its plans to end the scheme altogether in September.<\/p>\n","protected":false},"author":2,"featured_media":23925,"comment_status":"closed","ping_status":"closed","sticky":false,"template":"","format":"standard","meta":[],"categories":[1],"tags":[1295,1319,1330,55,603],"wps_subtitle":"Don\u00e2\u20ac\u2122t end furlough \u00e2\u20ac\u201c adapt it, urges Unite","_links":{"self":[{"href":"https:\/\/unitelive.test.igniteamt.com\/index.php?rest_route=\/wp\/v2\/posts\/29634"}],"collection":[{"href":"https:\/\/unitelive.test.igniteamt.com\/index.php?rest_route=\/wp\/v2\/posts"}],"about":[{"href":"https:\/\/unitelive.test.igniteamt.com\/index.php?rest_route=\/wp\/v2\/types\/post"}],"author":[{"embeddable":true,"href":"https:\/\/unitelive.test.igniteamt.com\/index.php?rest_route=\/wp\/v2\/users\/2"}],"replies":[{"embeddable":true,"href":"https:\/\/unitelive.test.igniteamt.com\/index.php?rest_route=%2Fwp%2Fv2%2Fcomments&post=29634"}],"version-history":[{"count":3,"href":"https:\/\/unitelive.test.igniteamt.com\/index.php?rest_route=\/wp\/v2\/posts\/29634\/revisions"}],"predecessor-version":[{"id":29642,"href":"https:\/\/unitelive.test.igniteamt.com\/index.php?rest_route=\/wp\/v2\/posts\/29634\/revisions\/29642"}],"wp:featuredmedia":[{"embeddable":true,"href":"https:\/\/unitelive.test.igniteamt.com\/index.php?rest_route=\/wp\/v2\/media\/23925"}],"wp:attachment":[{"href":"https:\/\/unitelive.test.igniteamt.com\/index.php?rest_route=%2Fwp%2Fv2%2Fmedia&parent=29634"}],"wp:term":[{"taxonomy":"category","embeddable":true,"href":"https:\/\/unitelive.test.igniteamt.com\/index.php?rest_route=%2Fwp%2Fv2%2Fcategories&post=29634"},{"taxonomy":"post_tag","embeddable":true,"href":"https:\/\/unitelive.test.igniteamt.com\/index.php?rest_route=%2Fwp%2Fv2%2Ftags&post=29634"}],"curies":[{"name":"wp","href":"https:\/\/api.w.org\/{rel}","templated":true}]}}