{"id":29838,"date":"2021-09-07T16:05:07","date_gmt":"2021-09-07T15:05:07","guid":{"rendered":"https:\/\/unitelive.org\/?p=29838"},"modified":"2021-09-08T14:47:14","modified_gmt":"2021-09-08T13:47:14","slug":"tax-raid-on-young-and-low-paid-workers","status":"publish","type":"post","link":"https:\/\/unitelive.test.igniteamt.com\/?p=29838","title":{"rendered":"Tax raid on young and low-paid workers"},"content":{"rendered":"<div id=\"fb-root\"><\/div>\n\n<p>Unite has slammed the government for failing to adequately fill a gaping hole in social care funding as prime minister Boris Johnson today (September 7) announced a National Insurance hike which will unfairly hit working people hardest.<\/p>\n\n\n\n<p>Johnson unveiled the plans in the Commons on Tuesday afternoon, which will entail a 1.25 per cent increase on National Insurance contributions, levied both on employers and employees, including those still working beyond state pension age by 2023.<\/p>\n\n\n\n<p>The hike will go into effect in April 2022, and from April 2023, the National Insurance increase will be rebranded as a \u00e2\u20ac\u0098health and social care levy\u00e2\u20ac\u2122, which will appear as a separate line on payroll slips.<\/p>\n\n\n\n<p>Johnson said the new tax increase, which breaks Conservative manifesto promises, will raise \u00c2\u014136bn within the next three years. But critics highlighted that the vast majority will go the NHS initially, despite the announcement being billed as a way to \u00e2\u20ac\u015bfix the long-term problems of health and social care\u00e2\u20ac\u0165. Until 2024, social care will receive only \u00c2\u01415.3bn of the total raised, with the rest pumped into cutting NHS waiting lists.<\/p>\n\n\n\n<p><strong><em>&#8216;Not a plan to fix crisis in social care&#8217;<\/em><\/strong><\/p>\n\n\n\n<p>Unite and others decried the unfairness of the new tax, which will see landlords earning rental income not having to bear any burden. Wealthy investors will also hardly have to contribute, after the government announced a modest 1.25 per cent tax on dividends. Younger workers will be hardest hit by the tax increase.<\/p>\n\n\n\n<p>Responding to Johnson in the House of Commons, Labour leader Keir Starmer lambasted what he called \u00e2\u20ac\u015ba tax rise on young people, supermarket workers and nurses, a tax rise that means a landlord renting out dozens of properties won\u00e2\u20ac\u2122t pay a penny more but the tenants working in full-time jobs would, a tax rise that places another burden on business just as they are trying to get back on their feet.\u00e2\u20ac\u0165<\/p>\n\n\n\n<p>Labour deputy leader Angela Rayner likewise highlighted the unfairness of the tax.<\/p>\n\n\n\n<p>\u00e2\u20ac\u015bThis is not a plan to fix the crisis in social care,\u00e2\u20ac\u0165 she commented on Twitter. \u00e2\u20ac\u015bA care worker on the minimum wage will pay more tax for the care they are providing every day without a penny more in their pay packet or a secure contract.&#8221;<\/p>\n\n\n\n<p>\u00e2\u20ac\u015bWorking people will pay twice under these changes,\u00e2\u20ac\u0165 she noted in a separate tweet. \u00e2\u20ac\u015bFirst in higher taxes and second in lower wages when employers pass on the hike in national insurance. But the landlords that working people pay rent to won\u00e2\u20ac\u2122t pay any extra contributions.&#8221;<\/p>\n\n\n\n<p>Under Johnson\u00e2\u20ac\u2122s plans, by October 2023, no individual would pay more than \u00c2\u014186,000 towards their care. But any costs incurred before that date will not go towards the cap, meaning many people who have significant assets and spend a long time in need of care will be left paying far in excess of \u00c2\u014186,000.<\/p>\n\n\n\n<p>Those who have assets in excess \u00c2\u0141100,000 \u00e2\u20ac\u201c including their own home \u00e2\u20ac\u201c will have to pay for the full costs of their care up to the \u00c2\u014186,000 cap after October 2023. Those with less than \u00c2\u0141100,000 in savings will receive some government support, while those with less than \u00c2\u014120,000 will have their care fully funded by the government.<\/p>\n\n\n\n<p>But Labour\u00e2\u20ac\u2122s shadow health secretary Jonathan Ashworth called the care cap \u00e2\u20ac\u0098a care con\u00e2\u20ac\u2122 because the cap excludes many other costs associated with care \u00e2\u20ac\u201c such as board and lodging for those who move into nursing homes.<\/p>\n\n\n\n<p><strong><em>&#8216;Care workers need more money in their pockets now&#8217;<\/em><\/strong><\/p>\n\n\n\n<p>Unite and the TUC have both highlighted that the government has failed to do anything to tackle low wages endemic in the care sector, whose workers are among the lowest paid in the entire UK labour market. Any plan to fix the social care system must address the 170,000 vacancies which are a direct consequence of low pay and poor working conditions.<\/p>\n\n\n\n<p>An analysis by the TUC found that the vast majority \u00e2\u20ac\u201c 7 out of 10 \u00e2\u20ac\u201c care workers earn less than \u00c2\u014110 an hour, with a quarter of the workforce on insecure zero-hours contracts.<\/p>\n\n\n\n<p>Commenting on the prime minister\u00e2\u20ac\u2122s announcements today, TUC general secretary Frances O\u00e2\u20ac\u2122Grady said, \u00e2\u20ac\u015bCare workers need to see more pay in their pockets now. Nothing today delivered that. Instead, the only difference it will make to low-paid care staff is to push up their taxes.<\/p>\n\n\n\n<p>\u00e2\u20ac\u015bThis is so disappointing after the dedication care workers have shown during this pandemic keeping services running and looking after our loved ones,\u00e2\u20ac\u0165 she added.<\/p>\n\n\n\n<p>\u00e2\u20ac\u015bWe know social care needs extra funding. But the prime minister is raiding the pockets of low-paid workers, while leaving the wealthy barely touched,\u00e2\u20ac\u0165 O\u00e2\u20ac\u2122Grady went on to say.<\/p>\n\n\n\n<p>\u00e2\u20ac\u015bWe need a genuine plan that will urgently tackle the endemic low pay and job insecurity that blights the social care sector \u00e2\u20ac\u201c and is causing huge staff shortages and undermining the quality of care people receive.\u00e2\u20ac\u0165<\/p>\n\n\n\n<p>The TUC has said increasing tax on capital gains \u00e2\u20ac\u201c which includes wealth and assets \u00e2\u20ac\u201c to the same level of income tax could raise \u00c2\u014117bn a year to invest in social care services and ensure a minimum wage for care workers of \u00c2\u014110 an hour.<\/p>\n\n\n\n<p>Also supporting a wealth tax, Unite assistant general secretary Gail Cartmail said, \u00e2\u20ac\u015bThe regeneration of social care needs to have a much wider financial base than the focus on National Insurance which falls on those of working age, particularly the young, and is not paid by the retired who may own a house and have other savings.<\/p>\n\n\n\n<p>&nbsp;\u00e2\u20ac\u015bTaxation policy must be seen to be fair for all, otherwise confidence in the public finances is eroded,\u00e2\u20ac\u0165 she added. \u00e2\u20ac\u015bA \u00e2\u20ac\u0098wealth\u00e2\u20ac\u2122 tax should be seriously considered as part of a broad-based approach to underpin the reform of social care, which also needs to see that those working in the sector are paid the equivalent of their NHS counterparts. Low pay for social care jobs is a scandal that has been kicked down the road for far too long.<\/p>\n\n\n\n<p>\u00e2\u20ac\u015bThe issue of NHS funding also needs to be tackled \u00e2\u20ac\u201c the funding crisis in the health service is also bedevilled by vacancies estimated at 100,000 and waiting lists that will take years to clear,\u00e2\u20ac\u0165 Cartmail continued. \u00e2\u20ac\u015bThe situation is not helped by the continuing pace of privatisation in the NHS which is costly and ineffective, and only lines the pockets of the profit-hungry private healthcare companies.\u00e2\u20ac\u0165<\/p>\n\n\n\n<p>\u00c2\u00a0Unite is dedicated to advancing the jobs, pay and conditions of its members and will fight back against any efforts to diminish workers&#8217; living standards.<\/p>\n\n\n\n<p><strong><em>By Hajera Blagg<\/em><\/strong><\/p>\n","protected":false},"excerpt":{"rendered":"<p>Unite has slammed the government for failing to adequately fill a gaping hole in social care funding as prime minister Boris Johnson today (September 7) announced a National Insurance hike which will unfairly hit working people hardest. Johnson unveiled the plans in the Commons on Tuesday afternoon, which will entail a 1.25 per cent increase [&hellip;]<\/p>\n","protected":false},"author":2,"featured_media":29839,"comment_status":"closed","ping_status":"closed","sticky":false,"template":"","format":"standard","meta":[],"categories":[1],"tags":[1205,1712,595,573],"wps_subtitle":"Unite calls for wealth tax and higher care worker wages as PM announces manifesto-busting NI tax to fund health and social care","_links":{"self":[{"href":"https:\/\/unitelive.test.igniteamt.com\/index.php?rest_route=\/wp\/v2\/posts\/29838"}],"collection":[{"href":"https:\/\/unitelive.test.igniteamt.com\/index.php?rest_route=\/wp\/v2\/posts"}],"about":[{"href":"https:\/\/unitelive.test.igniteamt.com\/index.php?rest_route=\/wp\/v2\/types\/post"}],"author":[{"embeddable":true,"href":"https:\/\/unitelive.test.igniteamt.com\/index.php?rest_route=\/wp\/v2\/users\/2"}],"replies":[{"embeddable":true,"href":"https:\/\/unitelive.test.igniteamt.com\/index.php?rest_route=%2Fwp%2Fv2%2Fcomments&post=29838"}],"version-history":[{"count":4,"href":"https:\/\/unitelive.test.igniteamt.com\/index.php?rest_route=\/wp\/v2\/posts\/29838\/revisions"}],"predecessor-version":[{"id":29843,"href":"https:\/\/unitelive.test.igniteamt.com\/index.php?rest_route=\/wp\/v2\/posts\/29838\/revisions\/29843"}],"wp:featuredmedia":[{"embeddable":true,"href":"https:\/\/unitelive.test.igniteamt.com\/index.php?rest_route=\/wp\/v2\/media\/29839"}],"wp:attachment":[{"href":"https:\/\/unitelive.test.igniteamt.com\/index.php?rest_route=%2Fwp%2Fv2%2Fmedia&parent=29838"}],"wp:term":[{"taxonomy":"category","embeddable":true,"href":"https:\/\/unitelive.test.igniteamt.com\/index.php?rest_route=%2Fwp%2Fv2%2Fcategories&post=29838"},{"taxonomy":"post_tag","embeddable":true,"href":"https:\/\/unitelive.test.igniteamt.com\/index.php?rest_route=%2Fwp%2Fv2%2Ftags&post=29838"}],"curies":[{"name":"wp","href":"https:\/\/api.w.org\/{rel}","templated":true}]}}